{"id":21519,"date":"2024-03-26T16:16:36","date_gmt":"2024-03-26T20:16:36","guid":{"rendered":"https:\/\/www.groupesomavrac.com\/?p=21519"},"modified":"2024-03-26T16:16:36","modified_gmt":"2024-03-26T20:16:36","slug":"defi-ski-leucan-2024-groupe-somavrac","status":"publish","type":"post","link":"https:\/\/www.groupesomavrac.com\/fr\/defi-ski-leucan-2024-groupe-somavrac\/","title":{"rendered":"D\u00e9fi Ski Leucan 2024 &#8211; Groupe Somavrac"},"content":{"rendered":"<p>C\u2019est avec grand plaisir et fiert\u00e9 que le Groupe Somavrac a accept\u00e9 le r\u00f4le d\u2019ambassadeur du <a href=\"https:\/\/www.defiski.com\/fr\/montagnes\/vallee-du-parc\/\">D\u00e9fi ski Leucan \u00e0 Vall\u00e9e du Parc<\/a> le 16 mars dernier en soutien aux enfants atteints de cancer et leur famille.<\/p>\n<p>L\u2019invitation \u00e0 la 14<sup>e<\/sup> \u00e9dition du D\u00e9fi ski Leucan \u00e0 Vall\u00e9e du Parc fut lanc\u00e9e par l\u2019\u00e9quipe de Leucan Mauricie et Centre-du-Qu\u00e9bec sous la th\u00e9matique <em>Western<\/em>.<\/p>\n<p>Sept employ\u00e9s sportifs endurants et adeptes de ski du Groupe Somavrac ont accept\u00e9 le d\u00e9fi et ont form\u00e9 une \u00e9quipe afin de repr\u00e9senter l\u2019entreprise. En participant \u00e0 cette journ\u00e9e, l\u2019\u00e9quipe a offert son soutien aux familles d\u2019enfants atteints de cancer afin de d\u00e9montrer qu\u2019elles ne sont pas seules dans la difficile \u00e9preuve qu\u2019elles traversent.<\/p>\n<p>L\u2019engagement de l\u2019\u00e9quipe du Groupe Somavrac \u00e0 la campagne a permis d\u2019amasser un montant de 3\u00a0675$ pour la cause. Nous sommes tr\u00e8s fiers d\u2019avoir avons contribu\u00e9 \u00e0 l\u2019atteinte de la somme totale de 138\u00a0250$ amass\u00e9e par Leucan Mauricie et Centre-du-Qu\u00e9bec.<\/p>\n<p>Pr\u00e8s de 270 personnes ont d\u00e9val\u00e9 les pentes lors de la journ\u00e9e du 16 mars 2024 \u00e0 Vall\u00e9e du Parc. Nous tenons \u00e0 exprimer nos sinc\u00e8res remerciements et f\u00e9licitations \u00e0 chacun des participants ainsi qu\u2019aux personnes impliqu\u00e9es de pr\u00e8s ou de loin envers cette noble cause.<\/p>\n<p>&nbsp;<\/p>\n<h3><strong>\u00c0 propos du D\u00e9fi<\/strong><\/h3>\n<p>Le <a href=\"https:\/\/www.defiski.com\/fr\/\">D\u00e9fi ski Leucan<\/a>, c\u2019est des heures de ski et de planche \u00e0 neige sur six montagnes au Qu\u00e9bec en soutien aux enfants atteintes de cancer et leur famille. Il s\u2019agit d\u2019une activit\u00e9 conviviale, familiale et accessible \u00e0 tous les \u00e2ges qui permet de tisser et resserrer les liens entre amis et coll\u00e8gues.<\/p>\n<p>Claim your 500 free spins and registration incentive by joining <a href=\"https:\/\/betcoinfox.com\/km-kh\/platform\/kick\" rel=\"nofollow\">Betcoinfox casino<\/a>.<\/p>\n","protected":false},"excerpt":{"rendered":"<p>C\u2019est avec grand plaisir et fiert\u00e9 que le Groupe Somavrac a accept\u00e9 le r\u00f4le d\u2019ambassadeur du D\u00e9fi ski Leucan \u00e0 Vall\u00e9e du Parc le 16 mars dernier en soutien aux enfants atteints de cancer et leur famille. L\u2019invitation \u00e0 la 14e \u00e9dition du D\u00e9fi ski Leucan \u00e0 Vall\u00e9e du Parc fut lanc\u00e9e par l\u2019\u00e9quipe de [&hellip;]<\/p>\n","protected":false},"author":12,"featured_media":21521,"comment_status":"closed","ping_status":"open","sticky":false,"template":"","format":"standard","meta":{"_acf_changed":false,"inline_featured_image":false,"footnotes":""},"categories":[67],"tags":[],"class_list":["post-21519","post","type-post","status-publish","format-standard","has-post-thumbnail","hentry","category-groupe-somavrac"],"acf":[],"yoast_head":"<!-- This site is optimized with the Yoast SEO plugin v27.5 - https:\/\/yoast.com\/product\/yoast-seo-wordpress\/ -->\n<title>D\u00e9fi Ski Leucan 2024 - Groupe Somavrac - Groupe Somavrac<\/title>\n<meta name=\"robots\" content=\"index, follow, max-snippet:-1, max-image-preview:large, max-video-preview:-1\" \/>\n<link rel=\"canonical\" href=\"https:\/\/www.groupesomavrac.com\/fr\/defi-ski-leucan-2024-groupe-somavrac\/\" \/>\n<meta property=\"og:locale\" content=\"fr_CA\" \/>\n<meta property=\"og:type\" content=\"article\" \/>\n<meta property=\"og:title\" content=\"D\u00e9fi Ski Leucan 2024 - Groupe Somavrac - Groupe Somavrac\" \/>\n<meta property=\"og:description\" content=\"C\u2019est avec grand plaisir et fiert\u00e9 que le Groupe Somavrac a accept\u00e9 le r\u00f4le d\u2019ambassadeur du D\u00e9fi ski Leucan \u00e0 Vall\u00e9e du Parc le 16 mars dernier en soutien aux enfants atteints de cancer et leur famille. L\u2019invitation \u00e0 la 14e \u00e9dition du D\u00e9fi ski Leucan \u00e0 Vall\u00e9e du Parc fut lanc\u00e9e par l\u2019\u00e9quipe de [&hellip;]\" \/>\n<meta property=\"og:url\" content=\"https:\/\/www.groupesomavrac.com\/fr\/defi-ski-leucan-2024-groupe-somavrac\/\" \/>\n<meta property=\"og:site_name\" content=\"Groupe Somavrac\" \/>\n<meta property=\"article:published_time\" content=\"2024-03-26T20:16:36+00:00\" \/>\n<meta property=\"og:image\" content=\"https:\/\/www.groupesomavrac.com\/wp-content\/uploads\/2024\/03\/Leucan-2024-VDP-49-scaled.jpg\" \/>\n\t<meta property=\"og:image:width\" content=\"2560\" \/>\n\t<meta property=\"og:image:height\" content=\"1707\" \/>\n\t<meta property=\"og:image:type\" content=\"image\/jpeg\" \/>\n<meta name=\"author\" content=\"Guillaume Chartier\" \/>\n<meta name=\"twitter:card\" content=\"summary_large_image\" \/>\n<meta name=\"twitter:label1\" content=\"\u00c9crit par\" \/>\n\t<meta name=\"twitter:data1\" content=\"Guillaume Chartier\" \/>\n\t<meta name=\"twitter:label2\" content=\"Estimation du temps de lecture\" \/>\n\t<meta name=\"twitter:data2\" content=\"2 minutes\" \/>\n<script type=\"application\/ld+json\" class=\"yoast-schema-graph\">{\"@context\":\"https:\\\/\\\/schema.org\",\"@graph\":[{\"@type\":\"Article\",\"@id\":\"https:\\\/\\\/www.groupesomavrac.com\\\/fr\\\/defi-ski-leucan-2024-groupe-somavrac\\\/#article\",\"isPartOf\":{\"@id\":\"https:\\\/\\\/www.groupesomavrac.com\\\/fr\\\/defi-ski-leucan-2024-groupe-somavrac\\\/\"},\"author\":{\"name\":\"Guillaume Chartier\",\"@id\":\"https:\\\/\\\/www.groupesomavrac.com\\\/fr\\\/#\\\/schema\\\/person\\\/cf8d1331551bdd3012401fb676b202c9\"},\"headline\":\"D\u00e9fi Ski Leucan 2024 &#8211; Groupe Somavrac\",\"datePublished\":\"2024-03-26T20:16:36+00:00\",\"mainEntityOfPage\":{\"@id\":\"https:\\\/\\\/www.groupesomavrac.com\\\/fr\\\/defi-ski-leucan-2024-groupe-somavrac\\\/\"},\"wordCount\":307,\"image\":{\"@id\":\"https:\\\/\\\/www.groupesomavrac.com\\\/fr\\\/defi-ski-leucan-2024-groupe-somavrac\\\/#primaryimage\"},\"thumbnailUrl\":\"https:\\\/\\\/www.groupesomavrac.com\\\/wp-content\\\/uploads\\\/2024\\\/03\\\/Leucan-2024-VDP-49-scaled.jpg\",\"articleSection\":[\"Groupe Somavrac\"],\"inLanguage\":\"fr-CA\"},{\"@type\":\"WebPage\",\"@id\":\"https:\\\/\\\/www.groupesomavrac.com\\\/fr\\\/defi-ski-leucan-2024-groupe-somavrac\\\/\",\"url\":\"https:\\\/\\\/www.groupesomavrac.com\\\/fr\\\/defi-ski-leucan-2024-groupe-somavrac\\\/\",\"name\":\"D\u00e9fi Ski Leucan 2024 - Groupe Somavrac - Groupe Somavrac\",\"isPartOf\":{\"@id\":\"https:\\\/\\\/www.groupesomavrac.com\\\/fr\\\/#website\"},\"primaryImageOfPage\":{\"@id\":\"https:\\\/\\\/www.groupesomavrac.com\\\/fr\\\/defi-ski-leucan-2024-groupe-somavrac\\\/#primaryimage\"},\"image\":{\"@id\":\"https:\\\/\\\/www.groupesomavrac.com\\\/fr\\\/defi-ski-leucan-2024-groupe-somavrac\\\/#primaryimage\"},\"thumbnailUrl\":\"https:\\\/\\\/www.groupesomavrac.com\\\/wp-content\\\/uploads\\\/2024\\\/03\\\/Leucan-2024-VDP-49-scaled.jpg\",\"datePublished\":\"2024-03-26T20:16:36+00:00\",\"author\":{\"@id\":\"https:\\\/\\\/www.groupesomavrac.com\\\/fr\\\/#\\\/schema\\\/person\\\/cf8d1331551bdd3012401fb676b202c9\"},\"inLanguage\":\"fr-CA\",\"potentialAction\":[{\"@type\":\"ReadAction\",\"target\":[\"https:\\\/\\\/www.groupesomavrac.com\\\/fr\\\/defi-ski-leucan-2024-groupe-somavrac\\\/\"]}]},{\"@type\":\"ImageObject\",\"inLanguage\":\"fr-CA\",\"@id\":\"https:\\\/\\\/www.groupesomavrac.com\\\/fr\\\/defi-ski-leucan-2024-groupe-somavrac\\\/#primaryimage\",\"url\":\"https:\\\/\\\/www.groupesomavrac.com\\\/wp-content\\\/uploads\\\/2024\\\/03\\\/Leucan-2024-VDP-49-scaled.jpg\",\"contentUrl\":\"https:\\\/\\\/www.groupesomavrac.com\\\/wp-content\\\/uploads\\\/2024\\\/03\\\/Leucan-2024-VDP-49-scaled.jpg\",\"width\":2560,\"height\":1707},{\"@type\":\"WebSite\",\"@id\":\"https:\\\/\\\/www.groupesomavrac.com\\\/fr\\\/#website\",\"url\":\"https:\\\/\\\/www.groupesomavrac.com\\\/fr\\\/\",\"name\":\"Groupe Somavrac\",\"description\":\"Partenaire de votre cha\u00eene logistique\",\"potentialAction\":[{\"@type\":\"SearchAction\",\"target\":{\"@type\":\"EntryPoint\",\"urlTemplate\":\"https:\\\/\\\/www.groupesomavrac.com\\\/fr\\\/?s={search_term_string}\"},\"query-input\":{\"@type\":\"PropertyValueSpecification\",\"valueRequired\":true,\"valueName\":\"search_term_string\"}}],\"inLanguage\":\"fr-CA\"},{\"@type\":\"Person\",\"@id\":\"https:\\\/\\\/www.groupesomavrac.com\\\/fr\\\/#\\\/schema\\\/person\\\/cf8d1331551bdd3012401fb676b202c9\",\"name\":\"Guillaume Chartier\",\"image\":{\"@type\":\"ImageObject\",\"inLanguage\":\"fr-CA\",\"@id\":\"https:\\\/\\\/secure.gravatar.com\\\/avatar\\\/221fc8b996db1d7342a6cd658e6196b862103b1d49bb9eac819ffc4a4927fdd6?s=96&d=mm&r=g\",\"url\":\"https:\\\/\\\/secure.gravatar.com\\\/avatar\\\/221fc8b996db1d7342a6cd658e6196b862103b1d49bb9eac819ffc4a4927fdd6?s=96&d=mm&r=g\",\"contentUrl\":\"https:\\\/\\\/secure.gravatar.com\\\/avatar\\\/221fc8b996db1d7342a6cd658e6196b862103b1d49bb9eac819ffc4a4927fdd6?s=96&d=mm&r=g\",\"caption\":\"Guillaume Chartier\"},\"sameAs\":[\"http:\\\/\\\/groupesomavrac.com\"]}]}<\/script>\n<!-- \/ Yoast SEO plugin. -->","yoast_head_json":{"title":"D\u00e9fi Ski Leucan 2024 - Groupe Somavrac - Groupe Somavrac","robots":{"index":"index","follow":"follow","max-snippet":"max-snippet:-1","max-image-preview":"max-image-preview:large","max-video-preview":"max-video-preview:-1"},"canonical":"https:\/\/www.groupesomavrac.com\/fr\/defi-ski-leucan-2024-groupe-somavrac\/","og_locale":"fr_CA","og_type":"article","og_title":"D\u00e9fi Ski Leucan 2024 - Groupe Somavrac - Groupe Somavrac","og_description":"C\u2019est avec grand plaisir et fiert\u00e9 que le Groupe Somavrac a accept\u00e9 le r\u00f4le d\u2019ambassadeur du D\u00e9fi ski Leucan \u00e0 Vall\u00e9e du Parc le 16 mars dernier en soutien aux enfants atteints de cancer et leur famille. L\u2019invitation \u00e0 la 14e \u00e9dition du D\u00e9fi ski Leucan \u00e0 Vall\u00e9e du Parc fut lanc\u00e9e par l\u2019\u00e9quipe de [&hellip;]","og_url":"https:\/\/www.groupesomavrac.com\/fr\/defi-ski-leucan-2024-groupe-somavrac\/","og_site_name":"Groupe Somavrac","article_published_time":"2024-03-26T20:16:36+00:00","og_image":[{"width":2560,"height":1707,"url":"https:\/\/www.groupesomavrac.com\/wp-content\/uploads\/2024\/03\/Leucan-2024-VDP-49-scaled.jpg","type":"image\/jpeg"}],"author":"Guillaume Chartier","twitter_card":"summary_large_image","twitter_misc":{"\u00c9crit par":"Guillaume Chartier","Estimation du temps de lecture":"2 minutes"},"schema":{"@context":"https:\/\/schema.org","@graph":[{"@type":"Article","@id":"https:\/\/www.groupesomavrac.com\/fr\/defi-ski-leucan-2024-groupe-somavrac\/#article","isPartOf":{"@id":"https:\/\/www.groupesomavrac.com\/fr\/defi-ski-leucan-2024-groupe-somavrac\/"},"author":{"name":"Guillaume Chartier","@id":"https:\/\/www.groupesomavrac.com\/fr\/#\/schema\/person\/cf8d1331551bdd3012401fb676b202c9"},"headline":"D\u00e9fi Ski Leucan 2024 &#8211; Groupe Somavrac","datePublished":"2024-03-26T20:16:36+00:00","mainEntityOfPage":{"@id":"https:\/\/www.groupesomavrac.com\/fr\/defi-ski-leucan-2024-groupe-somavrac\/"},"wordCount":307,"image":{"@id":"https:\/\/www.groupesomavrac.com\/fr\/defi-ski-leucan-2024-groupe-somavrac\/#primaryimage"},"thumbnailUrl":"https:\/\/www.groupesomavrac.com\/wp-content\/uploads\/2024\/03\/Leucan-2024-VDP-49-scaled.jpg","articleSection":["Groupe Somavrac"],"inLanguage":"fr-CA"},{"@type":"WebPage","@id":"https:\/\/www.groupesomavrac.com\/fr\/defi-ski-leucan-2024-groupe-somavrac\/","url":"https:\/\/www.groupesomavrac.com\/fr\/defi-ski-leucan-2024-groupe-somavrac\/","name":"D\u00e9fi Ski Leucan 2024 - Groupe Somavrac - Groupe Somavrac","isPartOf":{"@id":"https:\/\/www.groupesomavrac.com\/fr\/#website"},"primaryImageOfPage":{"@id":"https:\/\/www.groupesomavrac.com\/fr\/defi-ski-leucan-2024-groupe-somavrac\/#primaryimage"},"image":{"@id":"https:\/\/www.groupesomavrac.com\/fr\/defi-ski-leucan-2024-groupe-somavrac\/#primaryimage"},"thumbnailUrl":"https:\/\/www.groupesomavrac.com\/wp-content\/uploads\/2024\/03\/Leucan-2024-VDP-49-scaled.jpg","datePublished":"2024-03-26T20:16:36+00:00","author":{"@id":"https:\/\/www.groupesomavrac.com\/fr\/#\/schema\/person\/cf8d1331551bdd3012401fb676b202c9"},"inLanguage":"fr-CA","potentialAction":[{"@type":"ReadAction","target":["https:\/\/www.groupesomavrac.com\/fr\/defi-ski-leucan-2024-groupe-somavrac\/"]}]},{"@type":"ImageObject","inLanguage":"fr-CA","@id":"https:\/\/www.groupesomavrac.com\/fr\/defi-ski-leucan-2024-groupe-somavrac\/#primaryimage","url":"https:\/\/www.groupesomavrac.com\/wp-content\/uploads\/2024\/03\/Leucan-2024-VDP-49-scaled.jpg","contentUrl":"https:\/\/www.groupesomavrac.com\/wp-content\/uploads\/2024\/03\/Leucan-2024-VDP-49-scaled.jpg","width":2560,"height":1707},{"@type":"WebSite","@id":"https:\/\/www.groupesomavrac.com\/fr\/#website","url":"https:\/\/www.groupesomavrac.com\/fr\/","name":"Groupe Somavrac","description":"Partenaire de votre cha\u00eene logistique","potentialAction":[{"@type":"SearchAction","target":{"@type":"EntryPoint","urlTemplate":"https:\/\/www.groupesomavrac.com\/fr\/?s={search_term_string}"},"query-input":{"@type":"PropertyValueSpecification","valueRequired":true,"valueName":"search_term_string"}}],"inLanguage":"fr-CA"},{"@type":"Person","@id":"https:\/\/www.groupesomavrac.com\/fr\/#\/schema\/person\/cf8d1331551bdd3012401fb676b202c9","name":"Guillaume Chartier","image":{"@type":"ImageObject","inLanguage":"fr-CA","@id":"https:\/\/secure.gravatar.com\/avatar\/221fc8b996db1d7342a6cd658e6196b862103b1d49bb9eac819ffc4a4927fdd6?s=96&d=mm&r=g","url":"https:\/\/secure.gravatar.com\/avatar\/221fc8b996db1d7342a6cd658e6196b862103b1d49bb9eac819ffc4a4927fdd6?s=96&d=mm&r=g","contentUrl":"https:\/\/secure.gravatar.com\/avatar\/221fc8b996db1d7342a6cd658e6196b862103b1d49bb9eac819ffc4a4927fdd6?s=96&d=mm&r=g","caption":"Guillaume Chartier"},"sameAs":["http:\/\/groupesomavrac.com"]}]}},"_links":{"self":[{"href":"https:\/\/www.groupesomavrac.com\/fr\/wp-json\/wp\/v2\/posts\/21519","targetHints":{"allow":["GET"]}}],"collection":[{"href":"https:\/\/www.groupesomavrac.com\/fr\/wp-json\/wp\/v2\/posts"}],"about":[{"href":"https:\/\/www.groupesomavrac.com\/fr\/wp-json\/wp\/v2\/types\/post"}],"author":[{"embeddable":true,"href":"https:\/\/www.groupesomavrac.com\/fr\/wp-json\/wp\/v2\/users\/12"}],"replies":[{"embeddable":true,"href":"https:\/\/www.groupesomavrac.com\/fr\/wp-json\/wp\/v2\/comments?post=21519"}],"version-history":[{"count":1,"href":"https:\/\/www.groupesomavrac.com\/fr\/wp-json\/wp\/v2\/posts\/21519\/revisions"}],"predecessor-version":[{"id":21523,"href":"https:\/\/www.groupesomavrac.com\/fr\/wp-json\/wp\/v2\/posts\/21519\/revisions\/21523"}],"wp:featuredmedia":[{"embeddable":true,"href":"https:\/\/www.groupesomavrac.com\/fr\/wp-json\/wp\/v2\/media\/21521"}],"wp:attachment":[{"href":"https:\/\/www.groupesomavrac.com\/fr\/wp-json\/wp\/v2\/media?parent=21519"}],"wp:term":[{"taxonomy":"category","embeddable":true,"href":"https:\/\/www.groupesomavrac.com\/fr\/wp-json\/wp\/v2\/categories?post=21519"},{"taxonomy":"post_tag","embeddable":true,"href":"https:\/\/www.groupesomavrac.com\/fr\/wp-json\/wp\/v2\/tags?post=21519"}],"curies":[{"name":"wp","href":"https:\/\/api.w.org\/{rel}","templated":true}]}}