{"id":25266,"date":"2026-01-07T08:09:37","date_gmt":"2026-01-07T13:09:37","guid":{"rendered":"https:\/\/www.groupesomavrac.com\/?p=25266"},"modified":"2026-02-13T15:35:39","modified_gmt":"2026-02-13T20:35:39","slug":"instar-acquiert-groupe-somavrac-pour-soutenir-sa-croissance","status":"publish","type":"post","link":"https:\/\/www.groupesomavrac.com\/fr\/instar-acquiert-groupe-somavrac-pour-soutenir-sa-croissance\/","title":{"rendered":"Instar acquiert Groupe Somavrac pour soutenir sa croissance"},"content":{"rendered":"<p><strong>TROIS-RIVI\u00c8RES (Qu\u00e9bec), le 7 janvier 2026<\/strong> <strong>\u2014<\/strong> Groupe Somavrac inc. (\u00ab <strong>Somavrac<\/strong> \u00bb ou la \u00ab\u00a0<strong>Compagnie<\/strong> \u00bb), une entreprise qu\u00e9b\u00e9coise de premier plan en infrastructures essentielles au service d\u2019industries strat\u00e9giques partout au Qu\u00e9bec et \u00e0 travers le Canada, et un consortium men\u00e9 par Instar Asset Management inc. (\u00ab <strong>Instar<\/strong> \u00bb) et comprenant Investissement Qu\u00e9bec et le Fonds de solidarit\u00e9 FTQ, annonce aujourd\u2019hui un partenariat strat\u00e9gique. Cette collaboration vise \u00e0 assurer la continuit\u00e9, la stabilit\u00e9 et une gestion responsable alors que la Compagnie entame sa prochaine phase de d\u00e9veloppement.<\/p>\n<p>Fond\u00e9e \u00e0 Trois-Rivi\u00e8res par la famille Paquin, Somavrac a connu une croissance soutenue au cours des six derni\u00e8res d\u00e9cennies pour devenir un acteur cl\u00e9 des cha\u00eenes d\u2019approvisionnement r\u00e9gionales et nationales, en particulier le long de la Voie maritime du Saint-Laurent, tout en demeurant \u00e9troitement li\u00e9e aux communaut\u00e9s o\u00f9 vivent et travaillent ses employ\u00e9s.<\/p>\n<p>\u00ab Groupe Somavrac a \u00e9t\u00e9 b\u00e2ti avec un profond sens des responsabilit\u00e9s envers nos employ\u00e9s, nos partenaires et les communaut\u00e9s que nous servons \u00bb, a d\u00e9clar\u00e9 Marc Paquin, pr\u00e9sident et chef de la direction de Somavrac. \u00ab Apr\u00e8s une r\u00e9flexion approfondie sur l\u2019avenir de l\u2019entreprise, nous avons choisi Instar comme partenaire de confiance afin de b\u00e2tir sur notre h\u00e9ritage, de pr\u00e9server notre culture et de soutenir nos \u00e9quipes. Avec l\u2019appui d\u2019Instar et de ses co-investisseurs qu\u00e9b\u00e9cois, nous prot\u00e9gerons plus de 500 emplois, maintiendrons nos 12 filiales et renforcerons notre pr\u00e9sence au Qu\u00e9bec, tout en franchissant une nouvelle \u00e9tape de notre croissance et en poursuivant notre r\u00f4le strat\u00e9gique dans l\u2019\u00e9conomie qu\u00e9b\u00e9coise. \u00bb<\/p>\n<p>Sous la direction de M. Paquin, Somavrac a d\u00e9velopp\u00e9 une expertise approfondie dans l\u2019exploitation d\u2019environnements hautement r\u00e9glement\u00e9s, en facilitant les \u00e9changes commerciaux, en soutenant le d\u00e9veloppement industriel et en renfor\u00e7ant les cha\u00eenes d\u2019approvisionnement. L\u2019entreprise dessert les secteurs minier, agricole, des p\u00e2tes et papiers, des alumineries, des cimenteries, des produits chimiques <a href=\"https:\/\/www.groupesomavrac.com\/fr\/sildenafil-mythes-faits-et-conseils-pratiques-pour-un-usage-eclaire\/\" rel=\"noopener noreferrer\">et du traitement de l<\/a>\u2019eau gr\u00e2ce \u00e0 un r\u00e9seau de 17 sites sp\u00e9cialis\u00e9s, d\u2019installations d\u2019entreposage en vrac sec et liquide, ainsi que d\u2019infrastructures de distribution et de transport de produits chimiques \u00e0 valeur ajout\u00e9e.<\/p>\n<p>M. Paquin demeurera en poste \u00e0 titre de pr\u00e9sident et chef de la direction pendant une p\u00e9riode de transition, au cours de laquelle il travaillera en \u00e9troite collaboration avec Instar afin d\u2019assurer la continuit\u00e9 et d\u2019identifier son successeur.<\/p>\n<h5><\/h5>\n<h5><strong>Un partenaire aux valeurs communes et \u00e0 la gestion responsable<\/strong><\/h5>\n<p>Instar fait l\u2019acquisition de l\u2019ensemble du Groupe Somavrac, y compris ses 12 filiales, tout en maintenant le si\u00e8ge social de l\u2019entreprise \u00e0 Trois-Rivi\u00e8res ainsi que les 500 emplois actuels au Qu\u00e9bec et en Ontario. Le partenariat entre Somavrac et Instar honore l\u2019h\u00e9ritage de la famille Paquin en veillant \u00e0 ce que l\u2019entreprise demeure enracin\u00e9e au Qu\u00e9bec, d\u00e9tenue par des int\u00e9r\u00eats canadiens et guid\u00e9e par une vision de gestion responsable \u00e0 long terme.<\/p>\n<p>Instar est une soci\u00e9t\u00e9 canadienne de capital-investissement sp\u00e9cialis\u00e9e dans la cr\u00e9ation de valeur \u00e0 long terme gr\u00e2ce \u00e0 une gestion responsable d\u2019entreprises essentielles. Elle se distingue par sa culture centr\u00e9e sur les personnes, sa mentalit\u00e9 de propri\u00e9taire et son exp\u00e9rience \u00e9prouv\u00e9e dans l\u2019accompagnement d\u2019entreprises \u0153uvrant dans les secteurs portuaires, de la logistique et des activit\u00e9s connexes au transport, en \u00e9troite ad\u00e9quation avec les r\u00e9alit\u00e9s op\u00e9rationnelles de Somavrac et les responsabilit\u00e9s li\u00e9es \u00e0 l\u2019exploitation d\u2019infrastructures critiques.<\/p>\n<p>\u00ab Groupe Somavrac est une entreprise de grande qualit\u00e9, dot\u00e9e d\u2019une culture forte et jouant un r\u00f4le essentiel dans l\u2019\u00e9conomie qu\u00e9b\u00e9coise et canadienne \u00bb, a d\u00e9clar\u00e9 Daniel Perruzza, associ\u00e9 chez Instar. \u00ab Notre objectif est de soutenir les \u00e9quipes afin de b\u00e2tir sur les forces de l\u2019entreprise, de saisir de nouvelles occasions de croissance et de faire vivre nos valeurs communes : le respect des personnes, l\u2019excellence op\u00e9rationnelle, la responsabilit\u00e9 environnementale et une vision \u00e0 long terme. \u00bb<\/p>\n<h5><\/h5>\n<h5><strong>Alignement avec les priorit\u00e9s<\/strong> <strong>\u00e9conomiques du Qu\u00e9bec<\/strong><\/h5>\n<p>Le partenariat r\u00e9unit des organisations dont les int\u00e9r\u00eats sont align\u00e9s avec les priorit\u00e9s \u00e9conomiques du Qu\u00e9bec, notamment Investissement Qu\u00e9bec et le Fonds de solidarit\u00e9 FTQ, ainsi que l\u2019appui du gouvernement du Qu\u00e9bec par l\u2019entremise du Fonds de d\u00e9veloppement \u00e9conomique du Qu\u00e9bec.<\/p>\n<p>\u00ab\u00a0Aujourd\u2019hui, plus que jamais, le Qu\u00e9bec doit s\u2019appuyer sur les forces de ses r\u00e9gions pour stimuler son \u00e9conomie. En soutenant le Groupe\u00a0Somavrac, notre gouvernement fait le choix de conserver ici le si\u00e8ge social d\u2019un fleuron qu\u00e9b\u00e9cois, des emplois bien r\u00e9mun\u00e9r\u00e9s et essentiels dans plusieurs r\u00e9gions ainsi que le contr\u00f4le des activit\u00e9s sur les cours d\u2019eau qu\u00e9b\u00e9cois. C\u2019est primordial pour assurer notre autonomie \u00e9conomique et pour que les d\u00e9cisions strat\u00e9giques continuent d\u2019\u00eatre prises chez nous, au Qu\u00e9bec \u00bb, a d\u00e9clar\u00e9 Christine\u00a0Fr\u00e9chette, ministre de l\u2019\u00c9conomie, de l\u2019Innovation et de l\u2019\u00c9nergie et ministre responsable de la r\u00e9gion de la Mont\u00e9r\u00e9gie.<\/p>\n<p>\u00ab\u00a0Depuis plus de soixante ans, le Groupe\u00a0Somavrac g\u00e9n\u00e8re des retomb\u00e9es substantielles chez nous. Notre gouvernement est fier de soutenir ce partenaire crucial pour plusieurs industries qu\u00e9b\u00e9coises, tout en contribuant au maintien et \u00e0 la cr\u00e9ation de centaines d\u2019emplois r\u00e9gionaux\u00a0\u00bb, a d\u00e9clar\u00e9 Jean\u00a0Boulet, d\u00e9put\u00e9 de Trois-Rivi\u00e8res, ministre du Travail et ministre responsable de la r\u00e9gion de la Mauricie.<\/p>\n<p>\u00ab\u00a0Groupe Somavrac est un acteur hautement strat\u00e9gique dans la logistique de mati\u00e8res essentielles des secteurs miniers, de l\u2019aluminium et de l\u2019agriculture. En prenant une participation dans l\u2019entreprise \u00e0 cette \u00e9tape charni\u00e8re de son histoire, Investissement\u00a0Qu\u00e9bec contribue au maintien de son si\u00e8ge social au Qu\u00e9bec et \u00e0 la pr\u00e9servation de nombreux emplois dans huit r\u00e9gions du Qu\u00e9bec, tout en soutenant sa croissance. Cette intervention strat\u00e9gique illustre parfaitement le r\u00f4le que la Soci\u00e9t\u00e9 joue pour appuyer les entreprises \u00e0 fort potentiel et g\u00e9n\u00e9rer un impact concret sur la vitalit\u00e9 \u00e9conomique du Qu\u00e9bec\u00a0\u00bb, a d\u00e9clar\u00e9 Bicha Ngo, pr\u00e9sidente-directrice g\u00e9n\u00e9rale d\u2019Investissement Qu\u00e9bec.<\/p>\n<p>\u00ab Ce partenariat s\u2019aligne sur la mission du Fonds, qui est de soutenir des entreprises qu\u00e9b\u00e9coises g\u00e9n\u00e9rant une valeur \u00e9conomique et sociale durable. Groupe Somavrac est une entreprise bien \u00e9tablie, solidement enracin\u00e9e au Qu\u00e9bec. Dans un contexte de changements structurels de l\u2019\u00e9conomie, pr\u00e9server des cha\u00eenes logistiques robustes au Canada est crucial, et Groupe Somavrac s\u2019impose comme un acteur incontournable de ce secteur cl\u00e9. En appuyant ce partenariat, le Fonds contribue au d\u00e9veloppement continu d\u2019une entreprise qui cr\u00e9e des emplois de qualit\u00e9 et soutient la vitalit\u00e9 \u00e9conomique de plusieurs r\u00e9gions du Qu\u00e9bec \u00bb, a d\u00e9clar\u00e9 Gilles Poulin, vice-pr\u00e9sident, Placements priv\u00e9s et investissements d&rsquo;impact A\u00e9rospatiale, infrastructure et transport, au Fonds de solidarit\u00e9 FTQ.<\/p>\n<p>Les modalit\u00e9s financi\u00e8res de la transaction n\u2019ont pas \u00e9t\u00e9 divulgu\u00e9es.<\/p>\n","protected":false},"excerpt":{"rendered":"<p>TROIS-RIVI\u00c8RES (Qu\u00e9bec), le 7 janvier 2026 \u2014 Groupe Somavrac inc. (\u00ab Somavrac \u00bb ou la \u00ab\u00a0Compagnie \u00bb), une entreprise qu\u00e9b\u00e9coise de premier plan en infrastructures essentielles au service d\u2019industries strat\u00e9giques partout au Qu\u00e9bec et \u00e0 travers le Canada, et un consortium men\u00e9 par Instar Asset Management inc. (\u00ab Instar \u00bb) et comprenant Investissement Qu\u00e9bec et [&hellip;]<\/p>\n","protected":false},"author":7,"featured_media":25267,"comment_status":"closed","ping_status":"open","sticky":false,"template":"","format":"standard","meta":{"_acf_changed":false,"inline_featured_image":false,"footnotes":""},"categories":[1],"tags":[],"class_list":["post-25266","post","type-post","status-publish","format-standard","has-post-thumbnail","hentry","category-non-classifiee"],"acf":[],"yoast_head":"<!-- This site is optimized with the Yoast SEO plugin v27.5 - https:\/\/yoast.com\/product\/yoast-seo-wordpress\/ -->\n<title>Instar acquiert Groupe Somavrac pour soutenir sa croissance - Groupe Somavrac<\/title>\n<meta name=\"robots\" content=\"index, follow, max-snippet:-1, max-image-preview:large, max-video-preview:-1\" \/>\n<link rel=\"canonical\" href=\"https:\/\/www.groupesomavrac.com\/fr\/instar-acquiert-groupe-somavrac-pour-soutenir-sa-croissance\/\" \/>\n<meta property=\"og:locale\" content=\"fr_CA\" \/>\n<meta property=\"og:type\" content=\"article\" \/>\n<meta property=\"og:title\" content=\"Instar acquiert Groupe Somavrac pour soutenir sa croissance - Groupe Somavrac\" \/>\n<meta property=\"og:description\" content=\"TROIS-RIVI\u00c8RES (Qu\u00e9bec), le 7 janvier 2026 \u2014 Groupe Somavrac inc. (\u00ab Somavrac \u00bb ou la \u00ab\u00a0Compagnie \u00bb), une entreprise qu\u00e9b\u00e9coise de premier plan en infrastructures essentielles au service d\u2019industries strat\u00e9giques partout au Qu\u00e9bec et \u00e0 travers le Canada, et un consortium men\u00e9 par Instar Asset Management inc. (\u00ab Instar \u00bb) et comprenant Investissement Qu\u00e9bec et [&hellip;]\" \/>\n<meta property=\"og:url\" content=\"https:\/\/www.groupesomavrac.com\/fr\/instar-acquiert-groupe-somavrac-pour-soutenir-sa-croissance\/\" \/>\n<meta property=\"og:site_name\" content=\"Groupe Somavrac\" \/>\n<meta property=\"article:published_time\" content=\"2026-01-07T13:09:37+00:00\" \/>\n<meta property=\"article:modified_time\" content=\"2026-02-13T20:35:39+00:00\" \/>\n<meta property=\"og:image\" content=\"https:\/\/www.groupesomavrac.com\/wp-content\/uploads\/2026\/01\/Annonce-officielle-Instar.png\" \/>\n\t<meta property=\"og:image:width\" content=\"999\" \/>\n\t<meta property=\"og:image:height\" content=\"571\" \/>\n\t<meta property=\"og:image:type\" content=\"image\/png\" \/>\n<meta name=\"author\" content=\"Gabrielle Caron\" \/>\n<meta name=\"twitter:card\" content=\"summary_large_image\" \/>\n<meta name=\"twitter:label1\" content=\"\u00c9crit par\" \/>\n\t<meta name=\"twitter:data1\" content=\"Gabrielle Caron\" \/>\n\t<meta name=\"twitter:label2\" content=\"Estimation du temps de lecture\" \/>\n\t<meta name=\"twitter:data2\" content=\"6 minutes\" \/>\n<script type=\"application\/ld+json\" class=\"yoast-schema-graph\">{\"@context\":\"https:\\\/\\\/schema.org\",\"@graph\":[{\"@type\":\"Article\",\"@id\":\"https:\\\/\\\/www.groupesomavrac.com\\\/fr\\\/instar-acquiert-groupe-somavrac-pour-soutenir-sa-croissance\\\/#article\",\"isPartOf\":{\"@id\":\"https:\\\/\\\/www.groupesomavrac.com\\\/fr\\\/instar-acquiert-groupe-somavrac-pour-soutenir-sa-croissance\\\/\"},\"author\":{\"name\":\"Gabrielle Caron\",\"@id\":\"https:\\\/\\\/www.groupesomavrac.com\\\/fr\\\/#\\\/schema\\\/person\\\/46445c5d85171448abc74caa75318ccd\"},\"headline\":\"Instar acquiert Groupe Somavrac pour soutenir sa croissance\",\"datePublished\":\"2026-01-07T13:09:37+00:00\",\"dateModified\":\"2026-02-13T20:35:39+00:00\",\"mainEntityOfPage\":{\"@id\":\"https:\\\/\\\/www.groupesomavrac.com\\\/fr\\\/instar-acquiert-groupe-somavrac-pour-soutenir-sa-croissance\\\/\"},\"wordCount\":1222,\"image\":{\"@id\":\"https:\\\/\\\/www.groupesomavrac.com\\\/fr\\\/instar-acquiert-groupe-somavrac-pour-soutenir-sa-croissance\\\/#primaryimage\"},\"thumbnailUrl\":\"https:\\\/\\\/www.groupesomavrac.com\\\/wp-content\\\/uploads\\\/2026\\\/01\\\/Annonce-officielle-Instar.png\",\"articleSection\":[\"Non classifi\u00e9(e)\"],\"inLanguage\":\"fr-CA\"},{\"@type\":\"WebPage\",\"@id\":\"https:\\\/\\\/www.groupesomavrac.com\\\/fr\\\/instar-acquiert-groupe-somavrac-pour-soutenir-sa-croissance\\\/\",\"url\":\"https:\\\/\\\/www.groupesomavrac.com\\\/fr\\\/instar-acquiert-groupe-somavrac-pour-soutenir-sa-croissance\\\/\",\"name\":\"Instar acquiert Groupe Somavrac pour soutenir sa croissance - Groupe Somavrac\",\"isPartOf\":{\"@id\":\"https:\\\/\\\/www.groupesomavrac.com\\\/fr\\\/#website\"},\"primaryImageOfPage\":{\"@id\":\"https:\\\/\\\/www.groupesomavrac.com\\\/fr\\\/instar-acquiert-groupe-somavrac-pour-soutenir-sa-croissance\\\/#primaryimage\"},\"image\":{\"@id\":\"https:\\\/\\\/www.groupesomavrac.com\\\/fr\\\/instar-acquiert-groupe-somavrac-pour-soutenir-sa-croissance\\\/#primaryimage\"},\"thumbnailUrl\":\"https:\\\/\\\/www.groupesomavrac.com\\\/wp-content\\\/uploads\\\/2026\\\/01\\\/Annonce-officielle-Instar.png\",\"datePublished\":\"2026-01-07T13:09:37+00:00\",\"dateModified\":\"2026-02-13T20:35:39+00:00\",\"author\":{\"@id\":\"https:\\\/\\\/www.groupesomavrac.com\\\/fr\\\/#\\\/schema\\\/person\\\/46445c5d85171448abc74caa75318ccd\"},\"inLanguage\":\"fr-CA\",\"potentialAction\":[{\"@type\":\"ReadAction\",\"target\":[\"https:\\\/\\\/www.groupesomavrac.com\\\/fr\\\/instar-acquiert-groupe-somavrac-pour-soutenir-sa-croissance\\\/\"]}]},{\"@type\":\"ImageObject\",\"inLanguage\":\"fr-CA\",\"@id\":\"https:\\\/\\\/www.groupesomavrac.com\\\/fr\\\/instar-acquiert-groupe-somavrac-pour-soutenir-sa-croissance\\\/#primaryimage\",\"url\":\"https:\\\/\\\/www.groupesomavrac.com\\\/wp-content\\\/uploads\\\/2026\\\/01\\\/Annonce-officielle-Instar.png\",\"contentUrl\":\"https:\\\/\\\/www.groupesomavrac.com\\\/wp-content\\\/uploads\\\/2026\\\/01\\\/Annonce-officielle-Instar.png\",\"width\":999,\"height\":571,\"caption\":\"Dans l\u2019ordre : Gilles Poulin, vice-pr\u00e9sident, Placements priv\u00e9s et investissements d'impact A\u00e9rospatiale, infrastructure et transport, Fonds de solidarit\u00e9 FTQ Marc Paquin, pr\u00e9sident et chef de la direction, Groupe Somavrac Marc Fortin, vice-pr\u00e9sident, Capital de croissance, Investissement Qu\u00e9bec Sarah Borg-Olivier, chef de l'exploitation et vice-pr\u00e9sidente principale, Instar Asset Management\"},{\"@type\":\"WebSite\",\"@id\":\"https:\\\/\\\/www.groupesomavrac.com\\\/fr\\\/#website\",\"url\":\"https:\\\/\\\/www.groupesomavrac.com\\\/fr\\\/\",\"name\":\"Groupe Somavrac\",\"description\":\"Partenaire de votre cha\u00eene logistique\",\"potentialAction\":[{\"@type\":\"SearchAction\",\"target\":{\"@type\":\"EntryPoint\",\"urlTemplate\":\"https:\\\/\\\/www.groupesomavrac.com\\\/fr\\\/?s={search_term_string}\"},\"query-input\":{\"@type\":\"PropertyValueSpecification\",\"valueRequired\":true,\"valueName\":\"search_term_string\"}}],\"inLanguage\":\"fr-CA\"},{\"@type\":\"Person\",\"@id\":\"https:\\\/\\\/www.groupesomavrac.com\\\/fr\\\/#\\\/schema\\\/person\\\/46445c5d85171448abc74caa75318ccd\",\"name\":\"Gabrielle Caron\",\"image\":{\"@type\":\"ImageObject\",\"inLanguage\":\"fr-CA\",\"@id\":\"https:\\\/\\\/secure.gravatar.com\\\/avatar\\\/60e9e94707a377b3c0a298ab4cfd79ce0bf39a694fa1a18254e318def662a890?s=96&d=mm&r=g\",\"url\":\"https:\\\/\\\/secure.gravatar.com\\\/avatar\\\/60e9e94707a377b3c0a298ab4cfd79ce0bf39a694fa1a18254e318def662a890?s=96&d=mm&r=g\",\"contentUrl\":\"https:\\\/\\\/secure.gravatar.com\\\/avatar\\\/60e9e94707a377b3c0a298ab4cfd79ce0bf39a694fa1a18254e318def662a890?s=96&d=mm&r=g\",\"caption\":\"Gabrielle Caron\"}}]}<\/script>\n<!-- \/ Yoast SEO plugin. -->","yoast_head_json":{"title":"Instar acquiert Groupe Somavrac pour soutenir sa croissance - Groupe Somavrac","robots":{"index":"index","follow":"follow","max-snippet":"max-snippet:-1","max-image-preview":"max-image-preview:large","max-video-preview":"max-video-preview:-1"},"canonical":"https:\/\/www.groupesomavrac.com\/fr\/instar-acquiert-groupe-somavrac-pour-soutenir-sa-croissance\/","og_locale":"fr_CA","og_type":"article","og_title":"Instar acquiert Groupe Somavrac pour soutenir sa croissance - Groupe Somavrac","og_description":"TROIS-RIVI\u00c8RES (Qu\u00e9bec), le 7 janvier 2026 \u2014 Groupe Somavrac inc. (\u00ab Somavrac \u00bb ou la \u00ab\u00a0Compagnie \u00bb), une entreprise qu\u00e9b\u00e9coise de premier plan en infrastructures essentielles au service d\u2019industries strat\u00e9giques partout au Qu\u00e9bec et \u00e0 travers le Canada, et un consortium men\u00e9 par Instar Asset Management inc. (\u00ab Instar \u00bb) et comprenant Investissement Qu\u00e9bec et [&hellip;]","og_url":"https:\/\/www.groupesomavrac.com\/fr\/instar-acquiert-groupe-somavrac-pour-soutenir-sa-croissance\/","og_site_name":"Groupe Somavrac","article_published_time":"2026-01-07T13:09:37+00:00","article_modified_time":"2026-02-13T20:35:39+00:00","og_image":[{"width":999,"height":571,"url":"https:\/\/www.groupesomavrac.com\/wp-content\/uploads\/2026\/01\/Annonce-officielle-Instar.png","type":"image\/png"}],"author":"Gabrielle Caron","twitter_card":"summary_large_image","twitter_misc":{"\u00c9crit par":"Gabrielle Caron","Estimation du temps de lecture":"6 minutes"},"schema":{"@context":"https:\/\/schema.org","@graph":[{"@type":"Article","@id":"https:\/\/www.groupesomavrac.com\/fr\/instar-acquiert-groupe-somavrac-pour-soutenir-sa-croissance\/#article","isPartOf":{"@id":"https:\/\/www.groupesomavrac.com\/fr\/instar-acquiert-groupe-somavrac-pour-soutenir-sa-croissance\/"},"author":{"name":"Gabrielle Caron","@id":"https:\/\/www.groupesomavrac.com\/fr\/#\/schema\/person\/46445c5d85171448abc74caa75318ccd"},"headline":"Instar acquiert Groupe Somavrac pour soutenir sa croissance","datePublished":"2026-01-07T13:09:37+00:00","dateModified":"2026-02-13T20:35:39+00:00","mainEntityOfPage":{"@id":"https:\/\/www.groupesomavrac.com\/fr\/instar-acquiert-groupe-somavrac-pour-soutenir-sa-croissance\/"},"wordCount":1222,"image":{"@id":"https:\/\/www.groupesomavrac.com\/fr\/instar-acquiert-groupe-somavrac-pour-soutenir-sa-croissance\/#primaryimage"},"thumbnailUrl":"https:\/\/www.groupesomavrac.com\/wp-content\/uploads\/2026\/01\/Annonce-officielle-Instar.png","articleSection":["Non classifi\u00e9(e)"],"inLanguage":"fr-CA"},{"@type":"WebPage","@id":"https:\/\/www.groupesomavrac.com\/fr\/instar-acquiert-groupe-somavrac-pour-soutenir-sa-croissance\/","url":"https:\/\/www.groupesomavrac.com\/fr\/instar-acquiert-groupe-somavrac-pour-soutenir-sa-croissance\/","name":"Instar acquiert Groupe Somavrac pour soutenir sa croissance - Groupe Somavrac","isPartOf":{"@id":"https:\/\/www.groupesomavrac.com\/fr\/#website"},"primaryImageOfPage":{"@id":"https:\/\/www.groupesomavrac.com\/fr\/instar-acquiert-groupe-somavrac-pour-soutenir-sa-croissance\/#primaryimage"},"image":{"@id":"https:\/\/www.groupesomavrac.com\/fr\/instar-acquiert-groupe-somavrac-pour-soutenir-sa-croissance\/#primaryimage"},"thumbnailUrl":"https:\/\/www.groupesomavrac.com\/wp-content\/uploads\/2026\/01\/Annonce-officielle-Instar.png","datePublished":"2026-01-07T13:09:37+00:00","dateModified":"2026-02-13T20:35:39+00:00","author":{"@id":"https:\/\/www.groupesomavrac.com\/fr\/#\/schema\/person\/46445c5d85171448abc74caa75318ccd"},"inLanguage":"fr-CA","potentialAction":[{"@type":"ReadAction","target":["https:\/\/www.groupesomavrac.com\/fr\/instar-acquiert-groupe-somavrac-pour-soutenir-sa-croissance\/"]}]},{"@type":"ImageObject","inLanguage":"fr-CA","@id":"https:\/\/www.groupesomavrac.com\/fr\/instar-acquiert-groupe-somavrac-pour-soutenir-sa-croissance\/#primaryimage","url":"https:\/\/www.groupesomavrac.com\/wp-content\/uploads\/2026\/01\/Annonce-officielle-Instar.png","contentUrl":"https:\/\/www.groupesomavrac.com\/wp-content\/uploads\/2026\/01\/Annonce-officielle-Instar.png","width":999,"height":571,"caption":"Dans l\u2019ordre : Gilles Poulin, vice-pr\u00e9sident, Placements priv\u00e9s et investissements d'impact A\u00e9rospatiale, infrastructure et transport, Fonds de solidarit\u00e9 FTQ Marc Paquin, pr\u00e9sident et chef de la direction, Groupe Somavrac Marc Fortin, vice-pr\u00e9sident, Capital de croissance, Investissement Qu\u00e9bec Sarah Borg-Olivier, chef de l'exploitation et vice-pr\u00e9sidente principale, Instar Asset Management"},{"@type":"WebSite","@id":"https:\/\/www.groupesomavrac.com\/fr\/#website","url":"https:\/\/www.groupesomavrac.com\/fr\/","name":"Groupe Somavrac","description":"Partenaire de votre cha\u00eene logistique","potentialAction":[{"@type":"SearchAction","target":{"@type":"EntryPoint","urlTemplate":"https:\/\/www.groupesomavrac.com\/fr\/?s={search_term_string}"},"query-input":{"@type":"PropertyValueSpecification","valueRequired":true,"valueName":"search_term_string"}}],"inLanguage":"fr-CA"},{"@type":"Person","@id":"https:\/\/www.groupesomavrac.com\/fr\/#\/schema\/person\/46445c5d85171448abc74caa75318ccd","name":"Gabrielle Caron","image":{"@type":"ImageObject","inLanguage":"fr-CA","@id":"https:\/\/secure.gravatar.com\/avatar\/60e9e94707a377b3c0a298ab4cfd79ce0bf39a694fa1a18254e318def662a890?s=96&d=mm&r=g","url":"https:\/\/secure.gravatar.com\/avatar\/60e9e94707a377b3c0a298ab4cfd79ce0bf39a694fa1a18254e318def662a890?s=96&d=mm&r=g","contentUrl":"https:\/\/secure.gravatar.com\/avatar\/60e9e94707a377b3c0a298ab4cfd79ce0bf39a694fa1a18254e318def662a890?s=96&d=mm&r=g","caption":"Gabrielle Caron"}}]}},"_links":{"self":[{"href":"https:\/\/www.groupesomavrac.com\/fr\/wp-json\/wp\/v2\/posts\/25266","targetHints":{"allow":["GET"]}}],"collection":[{"href":"https:\/\/www.groupesomavrac.com\/fr\/wp-json\/wp\/v2\/posts"}],"about":[{"href":"https:\/\/www.groupesomavrac.com\/fr\/wp-json\/wp\/v2\/types\/post"}],"author":[{"embeddable":true,"href":"https:\/\/www.groupesomavrac.com\/fr\/wp-json\/wp\/v2\/users\/7"}],"replies":[{"embeddable":true,"href":"https:\/\/www.groupesomavrac.com\/fr\/wp-json\/wp\/v2\/comments?post=25266"}],"version-history":[{"count":6,"href":"https:\/\/www.groupesomavrac.com\/fr\/wp-json\/wp\/v2\/posts\/25266\/revisions"}],"predecessor-version":[{"id":25472,"href":"https:\/\/www.groupesomavrac.com\/fr\/wp-json\/wp\/v2\/posts\/25266\/revisions\/25472"}],"wp:featuredmedia":[{"embeddable":true,"href":"https:\/\/www.groupesomavrac.com\/fr\/wp-json\/wp\/v2\/media\/25267"}],"wp:attachment":[{"href":"https:\/\/www.groupesomavrac.com\/fr\/wp-json\/wp\/v2\/media?parent=25266"}],"wp:term":[{"taxonomy":"category","embeddable":true,"href":"https:\/\/www.groupesomavrac.com\/fr\/wp-json\/wp\/v2\/categories?post=25266"},{"taxonomy":"post_tag","embeddable":true,"href":"https:\/\/www.groupesomavrac.com\/fr\/wp-json\/wp\/v2\/tags?post=25266"}],"curies":[{"name":"wp","href":"https:\/\/api.w.org\/{rel}","templated":true}]}}