{"id":2847,"date":"2017-07-14T11:35:41","date_gmt":"2017-07-14T15:35:41","guid":{"rendered":"https:\/\/www.groupesomavrac.com\/?p=2847"},"modified":"2019-11-12T13:43:45","modified_gmt":"2019-11-12T18:43:45","slug":"le-terminal-le-plus-recent-sur-le-st-laurent-sera-opere-par-le-groupe-somavrac","status":"publish","type":"post","link":"https:\/\/www.groupesomavrac.com\/fr\/le-terminal-le-plus-recent-sur-le-st-laurent-sera-opere-par-le-groupe-somavrac\/","title":{"rendered":"Le terminal le plus r\u00e9cent sur le St-Laurent sera op\u00e9r\u00e9 par le Groupe Somavrac"},"content":{"rendered":"\r\n<p>L\u2019Administration portuaire de Trois-Rivi\u00e8res (APTR) et le Groupe Somavrac ont annonc\u00e9 le 3 juin dernier la signature d\u2019une entente \u00e0 long terme visant l\u2019exploitation du terminal 13 du Port de Trois-Rivi\u00e8res.<\/p>\r\n\r\n\r\n\r\n<h3>Qu&rsquo;est-ce que le terminal 13?<\/h3>\r\n<p>Ce terminal, d\u2019une superficie de 23 000 m<sup>2<\/sup>, de m\u00eame que le quai 13, ont \u00e9t\u00e9 am\u00e9nag\u00e9 en 2016 et sont utilis\u00e9s depuis janvier 2017. Avec cette entente, Somavrac \u00e9largi son offre de services. En plus de ses deux postes d\u2019accostage, le terminal 13 procure une aire d\u2019entreposage ext\u00e9rieur capable de recevoir une large vari\u00e9t\u00e9 de produits. Il est tr\u00e8s bien desservi par rail et par route. Il compte \u00e9galement un r\u00e9seau de pipelines le reliant \u00e0 des r\u00e9servoirs situ\u00e9s plus au nord. Le terminal facilite aussi l\u2019acc\u00e8s \u00e0 deux hangars de vrac solide situ\u00e9s \u00e0 proximit\u00e9. Il s\u2019agit donc d\u2019une plateforme d\u2019entreposage multimodale d\u2019une grande polyvalence. M. Marc Paquin, pr\u00e9sident du Groupe Somavrac a d\u00e9clar\u00e9 : \u00ab Le terminal 13 permettra \u00e0 Somavrac de mieux desservir sa client\u00e8le. Par sa polyvalence et la qualit\u00e9 de ses acc\u00e8s maritime, routier et ferroviaire, il est adapt\u00e9 \u00e0 la complexit\u00e9 des cha\u00eenes d\u2019approvisionnement de nos clients. \u00c0 cette infrastructure, Somavrac ajoute des \u00e9quipements de pointe et une expertise reconnue dans la manutention portuaire.<\/p>\r\n<p>\u00ab Cette entente vient ainsi consolider une relation d\u2019affaires \u00e9tablie avec le Port de Trois-Rivi\u00e8res depuis la fondation de notre entreprise en 1963 et nous en sommes tr\u00e8s fiers\u00bb. Ga\u00e9tan Boivin, pr\u00e9sident-directeur g\u00e9n\u00e9ral de l\u2019APTR s\u2019est dit tr\u00e8s heureux de l\u2019entente avec Somavrac. \u00ab Elle permet de renforcer le partenariat avec une entreprise dont la r\u00e9putation d\u2019excellence n\u2019est plus \u00e0 faire et sur laquelle le Port de Trois-Rivi\u00e8res a toujours pu compter pour offrir des services de manutention de qualit\u00e9 et comp\u00e9titifs. Cette entente permet de poursuivre dans cette voie au b\u00e9n\u00e9fice des utilisateurs du Port de Trois-Rivi\u00e8res. La stabilit\u00e9 de la main d\u2019\u0153uvre est de plus assur\u00e9e suite \u00e0 la signature en f\u00e9vrier dernier d\u2019une convention collective de 9 ans entre l\u2019Association des employeurs maritimes et le Syndicat des d\u00e9bardeurs \u00bb a-t-il tenu \u00e0 souligner.<\/p>\r\n\r\n\r\n\r\n<p>Source :\u00a0 Virginie Deschambeault\u00a0<br \/>Directrice des communications, Administration portuaire de Trois-Rivi\u00e8res\u00a0\u00a0<\/p>\r\n\n\nClaim your 500 free spins and registration incentive by joining <a href=\"https:\/\/betcoinfox.com\/km-kh\/platform\/kick\" rel=\"nofollow\">Betcoinfox casino<\/a>.","protected":false},"excerpt":{"rendered":"<p>L\u2019Administration portuaire de Trois-Rivi\u00e8res (APTR) et le Groupe Somavrac ont annonc\u00e9 le 3 juin dernier la signature d\u2019une entente \u00e0 long terme visant l\u2019exploitation du terminal 13 du Port de Trois-Rivi\u00e8res. Qu&rsquo;est-ce que le terminal 13? Ce terminal, d\u2019une superficie de 23 000 m2, de m\u00eame que le quai 13, ont \u00e9t\u00e9 am\u00e9nag\u00e9 en 2016 [&hellip;]<\/p>\n","protected":false},"author":1,"featured_media":2848,"comment_status":"open","ping_status":"open","sticky":false,"template":"","format":"standard","meta":{"_acf_changed":false,"inline_featured_image":false,"footnotes":""},"categories":[1],"tags":[],"class_list":["post-2847","post","type-post","status-publish","format-standard","has-post-thumbnail","hentry","category-non-classifiee"],"acf":[],"yoast_head":"<!-- This site is optimized with the Yoast SEO plugin v27.5 - https:\/\/yoast.com\/product\/yoast-seo-wordpress\/ -->\n<title>Le terminal 13 sera op\u00e9r\u00e9 par le Groupe Somavrac!<\/title>\n<meta name=\"description\" content=\"L\u2019APTR et le Groupe Somavrac ont annonc\u00e9 la signature d\u2019une entente \u00e0 long terme visant l\u2019exploitation du terminal 13 du Port de Trois-Rivi\u00e8res.\" \/>\n<meta name=\"robots\" content=\"index, follow, max-snippet:-1, max-image-preview:large, max-video-preview:-1\" \/>\n<link rel=\"canonical\" href=\"https:\/\/www.groupesomavrac.com\/fr\/le-terminal-le-plus-recent-sur-le-st-laurent-sera-opere-par-le-groupe-somavrac\/\" \/>\n<meta property=\"og:locale\" content=\"fr_CA\" \/>\n<meta property=\"og:type\" content=\"article\" \/>\n<meta property=\"og:title\" content=\"Le terminal 13 sera op\u00e9r\u00e9 par le Groupe Somavrac!\" \/>\n<meta property=\"og:description\" content=\"L\u2019APTR et le Groupe Somavrac ont annonc\u00e9 la signature d\u2019une entente \u00e0 long terme visant l\u2019exploitation du terminal 13 du Port de Trois-Rivi\u00e8res.\" \/>\n<meta property=\"og:url\" content=\"https:\/\/www.groupesomavrac.com\/fr\/le-terminal-le-plus-recent-sur-le-st-laurent-sera-opere-par-le-groupe-somavrac\/\" \/>\n<meta property=\"og:site_name\" content=\"Groupe Somavrac\" \/>\n<meta property=\"article:published_time\" content=\"2017-07-14T15:35:41+00:00\" \/>\n<meta property=\"article:modified_time\" content=\"2019-11-12T18:43:45+00:00\" \/>\n<meta property=\"og:image\" content=\"https:\/\/www.groupesomavrac.com\/wp-content\/uploads\/2019\/08\/photo.jpg\" \/>\n\t<meta property=\"og:image:width\" content=\"800\" \/>\n\t<meta property=\"og:image:height\" content=\"532\" \/>\n\t<meta property=\"og:image:type\" content=\"image\/jpeg\" \/>\n<meta name=\"author\" content=\"mlbwdev\" \/>\n<meta name=\"twitter:card\" content=\"summary_large_image\" \/>\n<meta name=\"twitter:label1\" content=\"\u00c9crit par\" \/>\n\t<meta name=\"twitter:data1\" content=\"mlbwdev\" \/>\n\t<meta name=\"twitter:label2\" content=\"Estimation du temps de lecture\" \/>\n\t<meta name=\"twitter:data2\" content=\"2 minutes\" \/>\n<script type=\"application\/ld+json\" class=\"yoast-schema-graph\">{\"@context\":\"https:\\\/\\\/schema.org\",\"@graph\":[{\"@type\":\"Article\",\"@id\":\"https:\\\/\\\/www.groupesomavrac.com\\\/fr\\\/le-terminal-le-plus-recent-sur-le-st-laurent-sera-opere-par-le-groupe-somavrac\\\/#article\",\"isPartOf\":{\"@id\":\"https:\\\/\\\/www.groupesomavrac.com\\\/fr\\\/le-terminal-le-plus-recent-sur-le-st-laurent-sera-opere-par-le-groupe-somavrac\\\/\"},\"author\":{\"name\":\"mlbwdev\",\"@id\":\"https:\\\/\\\/www.groupesomavrac.com\\\/fr\\\/#\\\/schema\\\/person\\\/fd68a2b47f1614e6869052f785e5b185\"},\"headline\":\"Le terminal le plus r\u00e9cent sur le St-Laurent sera op\u00e9r\u00e9 par le Groupe Somavrac\",\"datePublished\":\"2017-07-14T15:35:41+00:00\",\"dateModified\":\"2019-11-12T18:43:45+00:00\",\"mainEntityOfPage\":{\"@id\":\"https:\\\/\\\/www.groupesomavrac.com\\\/fr\\\/le-terminal-le-plus-recent-sur-le-st-laurent-sera-opere-par-le-groupe-somavrac\\\/\"},\"wordCount\":410,\"commentCount\":0,\"image\":{\"@id\":\"https:\\\/\\\/www.groupesomavrac.com\\\/fr\\\/le-terminal-le-plus-recent-sur-le-st-laurent-sera-opere-par-le-groupe-somavrac\\\/#primaryimage\"},\"thumbnailUrl\":\"https:\\\/\\\/www.groupesomavrac.com\\\/wp-content\\\/uploads\\\/2019\\\/08\\\/photo.jpg\",\"articleSection\":[\"Non classifi\u00e9(e)\"],\"inLanguage\":\"fr-CA\",\"potentialAction\":[{\"@type\":\"CommentAction\",\"name\":\"Comment\",\"target\":[\"https:\\\/\\\/www.groupesomavrac.com\\\/fr\\\/le-terminal-le-plus-recent-sur-le-st-laurent-sera-opere-par-le-groupe-somavrac\\\/#respond\"]}]},{\"@type\":\"WebPage\",\"@id\":\"https:\\\/\\\/www.groupesomavrac.com\\\/fr\\\/le-terminal-le-plus-recent-sur-le-st-laurent-sera-opere-par-le-groupe-somavrac\\\/\",\"url\":\"https:\\\/\\\/www.groupesomavrac.com\\\/fr\\\/le-terminal-le-plus-recent-sur-le-st-laurent-sera-opere-par-le-groupe-somavrac\\\/\",\"name\":\"Le terminal 13 sera op\u00e9r\u00e9 par le Groupe Somavrac!\",\"isPartOf\":{\"@id\":\"https:\\\/\\\/www.groupesomavrac.com\\\/fr\\\/#website\"},\"primaryImageOfPage\":{\"@id\":\"https:\\\/\\\/www.groupesomavrac.com\\\/fr\\\/le-terminal-le-plus-recent-sur-le-st-laurent-sera-opere-par-le-groupe-somavrac\\\/#primaryimage\"},\"image\":{\"@id\":\"https:\\\/\\\/www.groupesomavrac.com\\\/fr\\\/le-terminal-le-plus-recent-sur-le-st-laurent-sera-opere-par-le-groupe-somavrac\\\/#primaryimage\"},\"thumbnailUrl\":\"https:\\\/\\\/www.groupesomavrac.com\\\/wp-content\\\/uploads\\\/2019\\\/08\\\/photo.jpg\",\"datePublished\":\"2017-07-14T15:35:41+00:00\",\"dateModified\":\"2019-11-12T18:43:45+00:00\",\"author\":{\"@id\":\"https:\\\/\\\/www.groupesomavrac.com\\\/fr\\\/#\\\/schema\\\/person\\\/fd68a2b47f1614e6869052f785e5b185\"},\"description\":\"L\u2019APTR et le Groupe Somavrac ont annonc\u00e9 la signature d\u2019une entente \u00e0 long terme visant l\u2019exploitation du terminal 13 du Port de Trois-Rivi\u00e8res.\",\"inLanguage\":\"fr-CA\",\"potentialAction\":[{\"@type\":\"ReadAction\",\"target\":[\"https:\\\/\\\/www.groupesomavrac.com\\\/fr\\\/le-terminal-le-plus-recent-sur-le-st-laurent-sera-opere-par-le-groupe-somavrac\\\/\"]}]},{\"@type\":\"ImageObject\",\"inLanguage\":\"fr-CA\",\"@id\":\"https:\\\/\\\/www.groupesomavrac.com\\\/fr\\\/le-terminal-le-plus-recent-sur-le-st-laurent-sera-opere-par-le-groupe-somavrac\\\/#primaryimage\",\"url\":\"https:\\\/\\\/www.groupesomavrac.com\\\/wp-content\\\/uploads\\\/2019\\\/08\\\/photo.jpg\",\"contentUrl\":\"https:\\\/\\\/www.groupesomavrac.com\\\/wp-content\\\/uploads\\\/2019\\\/08\\\/photo.jpg\",\"width\":800,\"height\":532,\"caption\":\"Terminal 13, Port Trois-Rivi\u00e8res, Groupe Somavrac\"},{\"@type\":\"WebSite\",\"@id\":\"https:\\\/\\\/www.groupesomavrac.com\\\/fr\\\/#website\",\"url\":\"https:\\\/\\\/www.groupesomavrac.com\\\/fr\\\/\",\"name\":\"Groupe Somavrac\",\"description\":\"Partenaire de votre cha\u00eene logistique\",\"potentialAction\":[{\"@type\":\"SearchAction\",\"target\":{\"@type\":\"EntryPoint\",\"urlTemplate\":\"https:\\\/\\\/www.groupesomavrac.com\\\/fr\\\/?s={search_term_string}\"},\"query-input\":{\"@type\":\"PropertyValueSpecification\",\"valueRequired\":true,\"valueName\":\"search_term_string\"}}],\"inLanguage\":\"fr-CA\"},{\"@type\":\"Person\",\"@id\":\"https:\\\/\\\/www.groupesomavrac.com\\\/fr\\\/#\\\/schema\\\/person\\\/fd68a2b47f1614e6869052f785e5b185\",\"name\":\"mlbwdev\",\"image\":{\"@type\":\"ImageObject\",\"inLanguage\":\"fr-CA\",\"@id\":\"https:\\\/\\\/secure.gravatar.com\\\/avatar\\\/8ac5052f5b8214925aa49a0e82e9cfb1105700e37a07755ea489abcaad17c9d9?s=96&d=mm&r=g\",\"url\":\"https:\\\/\\\/secure.gravatar.com\\\/avatar\\\/8ac5052f5b8214925aa49a0e82e9cfb1105700e37a07755ea489abcaad17c9d9?s=96&d=mm&r=g\",\"contentUrl\":\"https:\\\/\\\/secure.gravatar.com\\\/avatar\\\/8ac5052f5b8214925aa49a0e82e9cfb1105700e37a07755ea489abcaad17c9d9?s=96&d=mm&r=g\",\"caption\":\"mlbwdev\"}}]}<\/script>\n<!-- \/ Yoast SEO plugin. -->","yoast_head_json":{"title":"Le terminal 13 sera op\u00e9r\u00e9 par le Groupe Somavrac!","description":"L\u2019APTR et le Groupe Somavrac ont annonc\u00e9 la signature d\u2019une entente \u00e0 long terme visant l\u2019exploitation du terminal 13 du Port de Trois-Rivi\u00e8res.","robots":{"index":"index","follow":"follow","max-snippet":"max-snippet:-1","max-image-preview":"max-image-preview:large","max-video-preview":"max-video-preview:-1"},"canonical":"https:\/\/www.groupesomavrac.com\/fr\/le-terminal-le-plus-recent-sur-le-st-laurent-sera-opere-par-le-groupe-somavrac\/","og_locale":"fr_CA","og_type":"article","og_title":"Le terminal 13 sera op\u00e9r\u00e9 par le Groupe Somavrac!","og_description":"L\u2019APTR et le Groupe Somavrac ont annonc\u00e9 la signature d\u2019une entente \u00e0 long terme visant l\u2019exploitation du terminal 13 du Port de Trois-Rivi\u00e8res.","og_url":"https:\/\/www.groupesomavrac.com\/fr\/le-terminal-le-plus-recent-sur-le-st-laurent-sera-opere-par-le-groupe-somavrac\/","og_site_name":"Groupe Somavrac","article_published_time":"2017-07-14T15:35:41+00:00","article_modified_time":"2019-11-12T18:43:45+00:00","og_image":[{"width":800,"height":532,"url":"https:\/\/www.groupesomavrac.com\/wp-content\/uploads\/2019\/08\/photo.jpg","type":"image\/jpeg"}],"author":"mlbwdev","twitter_card":"summary_large_image","twitter_misc":{"\u00c9crit par":"mlbwdev","Estimation du temps de lecture":"2 minutes"},"schema":{"@context":"https:\/\/schema.org","@graph":[{"@type":"Article","@id":"https:\/\/www.groupesomavrac.com\/fr\/le-terminal-le-plus-recent-sur-le-st-laurent-sera-opere-par-le-groupe-somavrac\/#article","isPartOf":{"@id":"https:\/\/www.groupesomavrac.com\/fr\/le-terminal-le-plus-recent-sur-le-st-laurent-sera-opere-par-le-groupe-somavrac\/"},"author":{"name":"mlbwdev","@id":"https:\/\/www.groupesomavrac.com\/fr\/#\/schema\/person\/fd68a2b47f1614e6869052f785e5b185"},"headline":"Le terminal le plus r\u00e9cent sur le St-Laurent sera op\u00e9r\u00e9 par le Groupe Somavrac","datePublished":"2017-07-14T15:35:41+00:00","dateModified":"2019-11-12T18:43:45+00:00","mainEntityOfPage":{"@id":"https:\/\/www.groupesomavrac.com\/fr\/le-terminal-le-plus-recent-sur-le-st-laurent-sera-opere-par-le-groupe-somavrac\/"},"wordCount":410,"commentCount":0,"image":{"@id":"https:\/\/www.groupesomavrac.com\/fr\/le-terminal-le-plus-recent-sur-le-st-laurent-sera-opere-par-le-groupe-somavrac\/#primaryimage"},"thumbnailUrl":"https:\/\/www.groupesomavrac.com\/wp-content\/uploads\/2019\/08\/photo.jpg","articleSection":["Non classifi\u00e9(e)"],"inLanguage":"fr-CA","potentialAction":[{"@type":"CommentAction","name":"Comment","target":["https:\/\/www.groupesomavrac.com\/fr\/le-terminal-le-plus-recent-sur-le-st-laurent-sera-opere-par-le-groupe-somavrac\/#respond"]}]},{"@type":"WebPage","@id":"https:\/\/www.groupesomavrac.com\/fr\/le-terminal-le-plus-recent-sur-le-st-laurent-sera-opere-par-le-groupe-somavrac\/","url":"https:\/\/www.groupesomavrac.com\/fr\/le-terminal-le-plus-recent-sur-le-st-laurent-sera-opere-par-le-groupe-somavrac\/","name":"Le terminal 13 sera op\u00e9r\u00e9 par le Groupe Somavrac!","isPartOf":{"@id":"https:\/\/www.groupesomavrac.com\/fr\/#website"},"primaryImageOfPage":{"@id":"https:\/\/www.groupesomavrac.com\/fr\/le-terminal-le-plus-recent-sur-le-st-laurent-sera-opere-par-le-groupe-somavrac\/#primaryimage"},"image":{"@id":"https:\/\/www.groupesomavrac.com\/fr\/le-terminal-le-plus-recent-sur-le-st-laurent-sera-opere-par-le-groupe-somavrac\/#primaryimage"},"thumbnailUrl":"https:\/\/www.groupesomavrac.com\/wp-content\/uploads\/2019\/08\/photo.jpg","datePublished":"2017-07-14T15:35:41+00:00","dateModified":"2019-11-12T18:43:45+00:00","author":{"@id":"https:\/\/www.groupesomavrac.com\/fr\/#\/schema\/person\/fd68a2b47f1614e6869052f785e5b185"},"description":"L\u2019APTR et le Groupe Somavrac ont annonc\u00e9 la signature d\u2019une entente \u00e0 long terme visant l\u2019exploitation du terminal 13 du Port de Trois-Rivi\u00e8res.","inLanguage":"fr-CA","potentialAction":[{"@type":"ReadAction","target":["https:\/\/www.groupesomavrac.com\/fr\/le-terminal-le-plus-recent-sur-le-st-laurent-sera-opere-par-le-groupe-somavrac\/"]}]},{"@type":"ImageObject","inLanguage":"fr-CA","@id":"https:\/\/www.groupesomavrac.com\/fr\/le-terminal-le-plus-recent-sur-le-st-laurent-sera-opere-par-le-groupe-somavrac\/#primaryimage","url":"https:\/\/www.groupesomavrac.com\/wp-content\/uploads\/2019\/08\/photo.jpg","contentUrl":"https:\/\/www.groupesomavrac.com\/wp-content\/uploads\/2019\/08\/photo.jpg","width":800,"height":532,"caption":"Terminal 13, Port Trois-Rivi\u00e8res, Groupe Somavrac"},{"@type":"WebSite","@id":"https:\/\/www.groupesomavrac.com\/fr\/#website","url":"https:\/\/www.groupesomavrac.com\/fr\/","name":"Groupe Somavrac","description":"Partenaire de votre cha\u00eene logistique","potentialAction":[{"@type":"SearchAction","target":{"@type":"EntryPoint","urlTemplate":"https:\/\/www.groupesomavrac.com\/fr\/?s={search_term_string}"},"query-input":{"@type":"PropertyValueSpecification","valueRequired":true,"valueName":"search_term_string"}}],"inLanguage":"fr-CA"},{"@type":"Person","@id":"https:\/\/www.groupesomavrac.com\/fr\/#\/schema\/person\/fd68a2b47f1614e6869052f785e5b185","name":"mlbwdev","image":{"@type":"ImageObject","inLanguage":"fr-CA","@id":"https:\/\/secure.gravatar.com\/avatar\/8ac5052f5b8214925aa49a0e82e9cfb1105700e37a07755ea489abcaad17c9d9?s=96&d=mm&r=g","url":"https:\/\/secure.gravatar.com\/avatar\/8ac5052f5b8214925aa49a0e82e9cfb1105700e37a07755ea489abcaad17c9d9?s=96&d=mm&r=g","contentUrl":"https:\/\/secure.gravatar.com\/avatar\/8ac5052f5b8214925aa49a0e82e9cfb1105700e37a07755ea489abcaad17c9d9?s=96&d=mm&r=g","caption":"mlbwdev"}}]}},"_links":{"self":[{"href":"https:\/\/www.groupesomavrac.com\/fr\/wp-json\/wp\/v2\/posts\/2847","targetHints":{"allow":["GET"]}}],"collection":[{"href":"https:\/\/www.groupesomavrac.com\/fr\/wp-json\/wp\/v2\/posts"}],"about":[{"href":"https:\/\/www.groupesomavrac.com\/fr\/wp-json\/wp\/v2\/types\/post"}],"author":[{"embeddable":true,"href":"https:\/\/www.groupesomavrac.com\/fr\/wp-json\/wp\/v2\/users\/1"}],"replies":[{"embeddable":true,"href":"https:\/\/www.groupesomavrac.com\/fr\/wp-json\/wp\/v2\/comments?post=2847"}],"version-history":[{"count":6,"href":"https:\/\/www.groupesomavrac.com\/fr\/wp-json\/wp\/v2\/posts\/2847\/revisions"}],"predecessor-version":[{"id":3712,"href":"https:\/\/www.groupesomavrac.com\/fr\/wp-json\/wp\/v2\/posts\/2847\/revisions\/3712"}],"wp:featuredmedia":[{"embeddable":true,"href":"https:\/\/www.groupesomavrac.com\/fr\/wp-json\/wp\/v2\/media\/2848"}],"wp:attachment":[{"href":"https:\/\/www.groupesomavrac.com\/fr\/wp-json\/wp\/v2\/media?parent=2847"}],"wp:term":[{"taxonomy":"category","embeddable":true,"href":"https:\/\/www.groupesomavrac.com\/fr\/wp-json\/wp\/v2\/categories?post=2847"},{"taxonomy":"post_tag","embeddable":true,"href":"https:\/\/www.groupesomavrac.com\/fr\/wp-json\/wp\/v2\/tags?post=2847"}],"curies":[{"name":"wp","href":"https:\/\/api.w.org\/{rel}","templated":true}]}}