{"id":6638,"date":"2020-08-24T15:09:44","date_gmt":"2020-08-24T19:09:44","guid":{"rendered":"https:\/\/www.groupesomavrac.com\/?p=6638"},"modified":"2020-08-24T15:09:44","modified_gmt":"2020-08-24T19:09:44","slug":"semaine-de-lenvironnement-au-sein-du-groupe-somavrac","status":"publish","type":"post","link":"https:\/\/www.groupesomavrac.com\/fr\/semaine-de-lenvironnement-au-sein-du-groupe-somavrac\/","title":{"rendered":"Semaine de l&rsquo;environnement au sein du Groupe Somavrac"},"content":{"rendered":"<p>&nbsp;<\/p>\n<p>Dans le cadre de la semaine de l\u2019environnement ayant eu lieu du 20 au 24 juillet 2020 au sein du Groupe Somavrac, plusieurs activit\u00e9s ayant pour but de sensibiliser les employ\u00e9s au respect de la plan\u00e8te ont eu lieu. Notamment, des vid\u00e9os et articles de blogue ont \u00e9t\u00e9 partag\u00e9s \u00e0 l\u2019ensemble des employ\u00e9s via courriel. De plus, quelques concours visant le z\u00e9ro d\u00e9chet, la r\u00e9duction des gaz \u00e0 effet de serre ainsi que la mise en place de nouvelles mesures \u00e9cologiques ont aussi eu lieu.<\/p>\n<p>&nbsp;<\/p>\n<h3><strong>Partage d\u2019informations via courriel<\/strong><\/h3>\n<p>En raison de la pand\u00e9mie, Groupe Somavrac a d\u00e9cid\u00e9 d\u2019offrir de l\u2019information sur le respect de l\u2019environnement par le biais de vid\u00e9os et d\u2019articles de blogue \u00e0 ses employ\u00e9s.<\/p>\n<p>Une vid\u00e9o sur l\u2019importance et le fonctionnement du compost ainsi qu\u2019une vid\u00e9o donnant des trucs et astuces pour r\u00e9duire la production de d\u00e9chets ont donc \u00e9t\u00e9 envoy\u00e9es aux employ\u00e9s.<\/p>\n<p>De plus, deux autres vid\u00e9os de style DIY (articles \u00e0 faire soi-m\u00eame) afin de cr\u00e9er ses propres produits m\u00e9nagers ainsi que son propre savon furent partag\u00e9es \u00e0 l\u2019interne.<\/p>\n<p>Finalement, 4 articles de blogue portant sur l\u2019\u00e9coblanchiment, les applications pour r\u00e9duire le gaspillage alimentaire, la r\u00e9duction de d\u00e9chets ainsi que le recyclage des \u00ab\u00a0d\u00e9chets\u00a0\u00bb de la cuisine en items pratique furent envoy\u00e9s \u00e0 l\u2019ensemble des employ\u00e9s du Groupe Somavrac et de ses filiales.<\/p>\n<p><strong>\u00a0<\/strong><\/p>\n<h3><strong>Concours<\/strong><\/h3>\n<p>Afin de faire participer les employ\u00e9s \u00e0 la semaine de l\u2019environnement, quelques d\u00e9fis furent lanc\u00e9s \u00e0 ceux-ci. Ainsi, le d\u00e9fi z\u00e9ro d\u00e9chet dans les bo\u00eetes \u00e0 lunch ayant pour but de proscrire les plastiques \u00e0 usage unique dans les bo\u00eetes \u00e0 lunch et dont l\u2019un des participant se m\u00e9rita une trousse \u00ab\u00a0z\u00e9ro d\u00e9chet\u00a0\u00bb a eu lieu.<\/p>\n<p>De plus, le d\u00e9fi utilisation responsable des autos ayant pour but de r\u00e9duire les gaz \u00e0 effet de serre en mettant de l\u2019avant le covoiturage, le v\u00e9lo, la marche et l\u2019utilisation du transport en commun a eu lieu. Au total, ce sont plus de 175 kilom\u00e8tres qui furent \u00e9conomis\u00e9s du 20 au 24 juillet 2020 par le biais de ce concours.<\/p>\n<p>Finalement, un concours lanc\u00e9 \u00e0 l\u2019ensemble des filiales dont le but \u00e9tait de sugg\u00e9rer des am\u00e9liorations \u00e0 mettre en place dans l\u2019entreprise pour le respect de l\u2019environnement a suscit\u00e9 un tr\u00e8s grand int\u00e9r\u00eat aupr\u00e8s des employ\u00e9s. Les meilleures suggestions seront mises en place dans l\u2019entreprise d\u00e8s le mois de septembre 2020. \u00a0Parmi celles-ci se trouvent, au si\u00e8ge social, l\u2019ajout d\u2019affiches informatives pour le recyclage, l\u2019addition d\u2019un 2<sup>e<\/sup> bac de consignes, l\u2019adoption de lumi\u00e8res \u00e0 d\u00e9tecteur de mouvements dans les salles de bain ainsi que l\u2019ajout d\u2019une bo\u00eete de r\u00e9cup\u00e9ration de stylos, marqueurs, permanents et autres.<\/p>\n<p>Claim your 500 free spins and registration incentive by joining <a href=\"https:\/\/betcoinfox.com\/km-kh\/platform\/kick\" rel=\"nofollow\">Betcoinfox casino<\/a>.<\/p>\n","protected":false},"excerpt":{"rendered":"<p>&nbsp; Dans le cadre de la semaine de l\u2019environnement ayant eu lieu du 20 au 24 juillet 2020 au sein du Groupe Somavrac, plusieurs activit\u00e9s ayant pour but de sensibiliser les employ\u00e9s au respect de la plan\u00e8te ont eu lieu. Notamment, des vid\u00e9os et articles de blogue ont \u00e9t\u00e9 partag\u00e9s \u00e0 l\u2019ensemble des employ\u00e9s via [&hellip;]<\/p>\n","protected":false},"author":7,"featured_media":6634,"comment_status":"open","ping_status":"open","sticky":false,"template":"","format":"standard","meta":{"_acf_changed":false,"inline_featured_image":false,"footnotes":""},"categories":[1],"tags":[],"class_list":["post-6638","post","type-post","status-publish","format-standard","has-post-thumbnail","hentry","category-non-classifiee"],"acf":[],"yoast_head":"<!-- This site is optimized with the Yoast SEO plugin v27.5 - https:\/\/yoast.com\/product\/yoast-seo-wordpress\/ -->\n<title>Semaine de l&#039;environnement au sein du Groupe Somavrac<\/title>\n<meta name=\"description\" content=\"D\u00e9couvrez les activit\u00e9s r\u00e9alis\u00e9es lors de l&#039;\u00e9dition 2020 de la semaine de l&#039;environnement au sein du Groupe Somavrac.\" \/>\n<meta name=\"robots\" content=\"index, follow, max-snippet:-1, max-image-preview:large, max-video-preview:-1\" \/>\n<link rel=\"canonical\" href=\"https:\/\/www.groupesomavrac.com\/fr\/semaine-de-lenvironnement-au-sein-du-groupe-somavrac\/\" \/>\n<meta property=\"og:locale\" content=\"fr_CA\" \/>\n<meta property=\"og:type\" content=\"article\" \/>\n<meta property=\"og:title\" content=\"Semaine de l&#039;environnement au sein du Groupe Somavrac\" \/>\n<meta property=\"og:description\" content=\"D\u00e9couvrez les activit\u00e9s r\u00e9alis\u00e9es lors de l&#039;\u00e9dition 2020 de la semaine de l&#039;environnement au sein du Groupe Somavrac.\" \/>\n<meta property=\"og:url\" content=\"https:\/\/www.groupesomavrac.com\/fr\/semaine-de-lenvironnement-au-sein-du-groupe-somavrac\/\" \/>\n<meta property=\"og:site_name\" content=\"Groupe Somavrac\" \/>\n<meta property=\"article:published_time\" content=\"2020-08-24T19:09:44+00:00\" \/>\n<meta property=\"og:image\" content=\"https:\/\/www.groupesomavrac.com\/wp-content\/uploads\/2020\/08\/Respect-de-lenvironnement.jpg\" \/>\n\t<meta property=\"og:image:width\" content=\"2508\" \/>\n\t<meta property=\"og:image:height\" content=\"1673\" \/>\n\t<meta property=\"og:image:type\" content=\"image\/jpeg\" \/>\n<meta name=\"author\" content=\"Gabrielle Caron\" \/>\n<meta name=\"twitter:card\" content=\"summary_large_image\" \/>\n<meta name=\"twitter:label1\" content=\"\u00c9crit par\" \/>\n\t<meta name=\"twitter:data1\" content=\"Gabrielle Caron\" \/>\n\t<meta name=\"twitter:label2\" content=\"Estimation du temps de lecture\" \/>\n\t<meta name=\"twitter:data2\" content=\"3 minutes\" \/>\n<script type=\"application\/ld+json\" class=\"yoast-schema-graph\">{\"@context\":\"https:\\\/\\\/schema.org\",\"@graph\":[{\"@type\":\"Article\",\"@id\":\"https:\\\/\\\/www.groupesomavrac.com\\\/fr\\\/semaine-de-lenvironnement-au-sein-du-groupe-somavrac\\\/#article\",\"isPartOf\":{\"@id\":\"https:\\\/\\\/www.groupesomavrac.com\\\/fr\\\/semaine-de-lenvironnement-au-sein-du-groupe-somavrac\\\/\"},\"author\":{\"name\":\"Gabrielle Caron\",\"@id\":\"https:\\\/\\\/www.groupesomavrac.com\\\/fr\\\/#\\\/schema\\\/person\\\/46445c5d85171448abc74caa75318ccd\"},\"headline\":\"Semaine de l&rsquo;environnement au sein du Groupe Somavrac\",\"datePublished\":\"2020-08-24T19:09:44+00:00\",\"mainEntityOfPage\":{\"@id\":\"https:\\\/\\\/www.groupesomavrac.com\\\/fr\\\/semaine-de-lenvironnement-au-sein-du-groupe-somavrac\\\/\"},\"wordCount\":517,\"commentCount\":0,\"image\":{\"@id\":\"https:\\\/\\\/www.groupesomavrac.com\\\/fr\\\/semaine-de-lenvironnement-au-sein-du-groupe-somavrac\\\/#primaryimage\"},\"thumbnailUrl\":\"https:\\\/\\\/www.groupesomavrac.com\\\/wp-content\\\/uploads\\\/2020\\\/08\\\/Respect-de-lenvironnement.jpg\",\"articleSection\":[\"Non classifi\u00e9(e)\"],\"inLanguage\":\"fr-CA\",\"potentialAction\":[{\"@type\":\"CommentAction\",\"name\":\"Comment\",\"target\":[\"https:\\\/\\\/www.groupesomavrac.com\\\/fr\\\/semaine-de-lenvironnement-au-sein-du-groupe-somavrac\\\/#respond\"]}]},{\"@type\":\"WebPage\",\"@id\":\"https:\\\/\\\/www.groupesomavrac.com\\\/fr\\\/semaine-de-lenvironnement-au-sein-du-groupe-somavrac\\\/\",\"url\":\"https:\\\/\\\/www.groupesomavrac.com\\\/fr\\\/semaine-de-lenvironnement-au-sein-du-groupe-somavrac\\\/\",\"name\":\"Semaine de l'environnement au sein du Groupe Somavrac\",\"isPartOf\":{\"@id\":\"https:\\\/\\\/www.groupesomavrac.com\\\/fr\\\/#website\"},\"primaryImageOfPage\":{\"@id\":\"https:\\\/\\\/www.groupesomavrac.com\\\/fr\\\/semaine-de-lenvironnement-au-sein-du-groupe-somavrac\\\/#primaryimage\"},\"image\":{\"@id\":\"https:\\\/\\\/www.groupesomavrac.com\\\/fr\\\/semaine-de-lenvironnement-au-sein-du-groupe-somavrac\\\/#primaryimage\"},\"thumbnailUrl\":\"https:\\\/\\\/www.groupesomavrac.com\\\/wp-content\\\/uploads\\\/2020\\\/08\\\/Respect-de-lenvironnement.jpg\",\"datePublished\":\"2020-08-24T19:09:44+00:00\",\"author\":{\"@id\":\"https:\\\/\\\/www.groupesomavrac.com\\\/fr\\\/#\\\/schema\\\/person\\\/46445c5d85171448abc74caa75318ccd\"},\"description\":\"D\u00e9couvrez les activit\u00e9s r\u00e9alis\u00e9es lors de l'\u00e9dition 2020 de la semaine de l'environnement au sein du Groupe Somavrac.\",\"inLanguage\":\"fr-CA\",\"potentialAction\":[{\"@type\":\"ReadAction\",\"target\":[\"https:\\\/\\\/www.groupesomavrac.com\\\/fr\\\/semaine-de-lenvironnement-au-sein-du-groupe-somavrac\\\/\"]}]},{\"@type\":\"ImageObject\",\"inLanguage\":\"fr-CA\",\"@id\":\"https:\\\/\\\/www.groupesomavrac.com\\\/fr\\\/semaine-de-lenvironnement-au-sein-du-groupe-somavrac\\\/#primaryimage\",\"url\":\"https:\\\/\\\/www.groupesomavrac.com\\\/wp-content\\\/uploads\\\/2020\\\/08\\\/Respect-de-lenvironnement.jpg\",\"contentUrl\":\"https:\\\/\\\/www.groupesomavrac.com\\\/wp-content\\\/uploads\\\/2020\\\/08\\\/Respect-de-lenvironnement.jpg\",\"width\":2508,\"height\":1673,\"caption\":\"environnement, environment, \u00e9cologie, ecology, conscience verte, awareness\"},{\"@type\":\"WebSite\",\"@id\":\"https:\\\/\\\/www.groupesomavrac.com\\\/fr\\\/#website\",\"url\":\"https:\\\/\\\/www.groupesomavrac.com\\\/fr\\\/\",\"name\":\"Groupe Somavrac\",\"description\":\"Partenaire de votre cha\u00eene logistique\",\"potentialAction\":[{\"@type\":\"SearchAction\",\"target\":{\"@type\":\"EntryPoint\",\"urlTemplate\":\"https:\\\/\\\/www.groupesomavrac.com\\\/fr\\\/?s={search_term_string}\"},\"query-input\":{\"@type\":\"PropertyValueSpecification\",\"valueRequired\":true,\"valueName\":\"search_term_string\"}}],\"inLanguage\":\"fr-CA\"},{\"@type\":\"Person\",\"@id\":\"https:\\\/\\\/www.groupesomavrac.com\\\/fr\\\/#\\\/schema\\\/person\\\/46445c5d85171448abc74caa75318ccd\",\"name\":\"Gabrielle Caron\",\"image\":{\"@type\":\"ImageObject\",\"inLanguage\":\"fr-CA\",\"@id\":\"https:\\\/\\\/secure.gravatar.com\\\/avatar\\\/60e9e94707a377b3c0a298ab4cfd79ce0bf39a694fa1a18254e318def662a890?s=96&d=mm&r=g\",\"url\":\"https:\\\/\\\/secure.gravatar.com\\\/avatar\\\/60e9e94707a377b3c0a298ab4cfd79ce0bf39a694fa1a18254e318def662a890?s=96&d=mm&r=g\",\"contentUrl\":\"https:\\\/\\\/secure.gravatar.com\\\/avatar\\\/60e9e94707a377b3c0a298ab4cfd79ce0bf39a694fa1a18254e318def662a890?s=96&d=mm&r=g\",\"caption\":\"Gabrielle Caron\"}}]}<\/script>\n<!-- \/ Yoast SEO plugin. -->","yoast_head_json":{"title":"Semaine de l'environnement au sein du Groupe Somavrac","description":"D\u00e9couvrez les activit\u00e9s r\u00e9alis\u00e9es lors de l'\u00e9dition 2020 de la semaine de l'environnement au sein du Groupe Somavrac.","robots":{"index":"index","follow":"follow","max-snippet":"max-snippet:-1","max-image-preview":"max-image-preview:large","max-video-preview":"max-video-preview:-1"},"canonical":"https:\/\/www.groupesomavrac.com\/fr\/semaine-de-lenvironnement-au-sein-du-groupe-somavrac\/","og_locale":"fr_CA","og_type":"article","og_title":"Semaine de l'environnement au sein du Groupe Somavrac","og_description":"D\u00e9couvrez les activit\u00e9s r\u00e9alis\u00e9es lors de l'\u00e9dition 2020 de la semaine de l'environnement au sein du Groupe Somavrac.","og_url":"https:\/\/www.groupesomavrac.com\/fr\/semaine-de-lenvironnement-au-sein-du-groupe-somavrac\/","og_site_name":"Groupe Somavrac","article_published_time":"2020-08-24T19:09:44+00:00","og_image":[{"width":2508,"height":1673,"url":"https:\/\/www.groupesomavrac.com\/wp-content\/uploads\/2020\/08\/Respect-de-lenvironnement.jpg","type":"image\/jpeg"}],"author":"Gabrielle Caron","twitter_card":"summary_large_image","twitter_misc":{"\u00c9crit par":"Gabrielle Caron","Estimation du temps de lecture":"3 minutes"},"schema":{"@context":"https:\/\/schema.org","@graph":[{"@type":"Article","@id":"https:\/\/www.groupesomavrac.com\/fr\/semaine-de-lenvironnement-au-sein-du-groupe-somavrac\/#article","isPartOf":{"@id":"https:\/\/www.groupesomavrac.com\/fr\/semaine-de-lenvironnement-au-sein-du-groupe-somavrac\/"},"author":{"name":"Gabrielle Caron","@id":"https:\/\/www.groupesomavrac.com\/fr\/#\/schema\/person\/46445c5d85171448abc74caa75318ccd"},"headline":"Semaine de l&rsquo;environnement au sein du Groupe Somavrac","datePublished":"2020-08-24T19:09:44+00:00","mainEntityOfPage":{"@id":"https:\/\/www.groupesomavrac.com\/fr\/semaine-de-lenvironnement-au-sein-du-groupe-somavrac\/"},"wordCount":517,"commentCount":0,"image":{"@id":"https:\/\/www.groupesomavrac.com\/fr\/semaine-de-lenvironnement-au-sein-du-groupe-somavrac\/#primaryimage"},"thumbnailUrl":"https:\/\/www.groupesomavrac.com\/wp-content\/uploads\/2020\/08\/Respect-de-lenvironnement.jpg","articleSection":["Non classifi\u00e9(e)"],"inLanguage":"fr-CA","potentialAction":[{"@type":"CommentAction","name":"Comment","target":["https:\/\/www.groupesomavrac.com\/fr\/semaine-de-lenvironnement-au-sein-du-groupe-somavrac\/#respond"]}]},{"@type":"WebPage","@id":"https:\/\/www.groupesomavrac.com\/fr\/semaine-de-lenvironnement-au-sein-du-groupe-somavrac\/","url":"https:\/\/www.groupesomavrac.com\/fr\/semaine-de-lenvironnement-au-sein-du-groupe-somavrac\/","name":"Semaine de l'environnement au sein du Groupe Somavrac","isPartOf":{"@id":"https:\/\/www.groupesomavrac.com\/fr\/#website"},"primaryImageOfPage":{"@id":"https:\/\/www.groupesomavrac.com\/fr\/semaine-de-lenvironnement-au-sein-du-groupe-somavrac\/#primaryimage"},"image":{"@id":"https:\/\/www.groupesomavrac.com\/fr\/semaine-de-lenvironnement-au-sein-du-groupe-somavrac\/#primaryimage"},"thumbnailUrl":"https:\/\/www.groupesomavrac.com\/wp-content\/uploads\/2020\/08\/Respect-de-lenvironnement.jpg","datePublished":"2020-08-24T19:09:44+00:00","author":{"@id":"https:\/\/www.groupesomavrac.com\/fr\/#\/schema\/person\/46445c5d85171448abc74caa75318ccd"},"description":"D\u00e9couvrez les activit\u00e9s r\u00e9alis\u00e9es lors de l'\u00e9dition 2020 de la semaine de l'environnement au sein du Groupe Somavrac.","inLanguage":"fr-CA","potentialAction":[{"@type":"ReadAction","target":["https:\/\/www.groupesomavrac.com\/fr\/semaine-de-lenvironnement-au-sein-du-groupe-somavrac\/"]}]},{"@type":"ImageObject","inLanguage":"fr-CA","@id":"https:\/\/www.groupesomavrac.com\/fr\/semaine-de-lenvironnement-au-sein-du-groupe-somavrac\/#primaryimage","url":"https:\/\/www.groupesomavrac.com\/wp-content\/uploads\/2020\/08\/Respect-de-lenvironnement.jpg","contentUrl":"https:\/\/www.groupesomavrac.com\/wp-content\/uploads\/2020\/08\/Respect-de-lenvironnement.jpg","width":2508,"height":1673,"caption":"environnement, environment, \u00e9cologie, ecology, conscience verte, awareness"},{"@type":"WebSite","@id":"https:\/\/www.groupesomavrac.com\/fr\/#website","url":"https:\/\/www.groupesomavrac.com\/fr\/","name":"Groupe Somavrac","description":"Partenaire de votre cha\u00eene logistique","potentialAction":[{"@type":"SearchAction","target":{"@type":"EntryPoint","urlTemplate":"https:\/\/www.groupesomavrac.com\/fr\/?s={search_term_string}"},"query-input":{"@type":"PropertyValueSpecification","valueRequired":true,"valueName":"search_term_string"}}],"inLanguage":"fr-CA"},{"@type":"Person","@id":"https:\/\/www.groupesomavrac.com\/fr\/#\/schema\/person\/46445c5d85171448abc74caa75318ccd","name":"Gabrielle Caron","image":{"@type":"ImageObject","inLanguage":"fr-CA","@id":"https:\/\/secure.gravatar.com\/avatar\/60e9e94707a377b3c0a298ab4cfd79ce0bf39a694fa1a18254e318def662a890?s=96&d=mm&r=g","url":"https:\/\/secure.gravatar.com\/avatar\/60e9e94707a377b3c0a298ab4cfd79ce0bf39a694fa1a18254e318def662a890?s=96&d=mm&r=g","contentUrl":"https:\/\/secure.gravatar.com\/avatar\/60e9e94707a377b3c0a298ab4cfd79ce0bf39a694fa1a18254e318def662a890?s=96&d=mm&r=g","caption":"Gabrielle Caron"}}]}},"_links":{"self":[{"href":"https:\/\/www.groupesomavrac.com\/fr\/wp-json\/wp\/v2\/posts\/6638","targetHints":{"allow":["GET"]}}],"collection":[{"href":"https:\/\/www.groupesomavrac.com\/fr\/wp-json\/wp\/v2\/posts"}],"about":[{"href":"https:\/\/www.groupesomavrac.com\/fr\/wp-json\/wp\/v2\/types\/post"}],"author":[{"embeddable":true,"href":"https:\/\/www.groupesomavrac.com\/fr\/wp-json\/wp\/v2\/users\/7"}],"replies":[{"embeddable":true,"href":"https:\/\/www.groupesomavrac.com\/fr\/wp-json\/wp\/v2\/comments?post=6638"}],"version-history":[{"count":1,"href":"https:\/\/www.groupesomavrac.com\/fr\/wp-json\/wp\/v2\/posts\/6638\/revisions"}],"predecessor-version":[{"id":6639,"href":"https:\/\/www.groupesomavrac.com\/fr\/wp-json\/wp\/v2\/posts\/6638\/revisions\/6639"}],"wp:featuredmedia":[{"embeddable":true,"href":"https:\/\/www.groupesomavrac.com\/fr\/wp-json\/wp\/v2\/media\/6634"}],"wp:attachment":[{"href":"https:\/\/www.groupesomavrac.com\/fr\/wp-json\/wp\/v2\/media?parent=6638"}],"wp:term":[{"taxonomy":"category","embeddable":true,"href":"https:\/\/www.groupesomavrac.com\/fr\/wp-json\/wp\/v2\/categories?post=6638"},{"taxonomy":"post_tag","embeddable":true,"href":"https:\/\/www.groupesomavrac.com\/fr\/wp-json\/wp\/v2\/tags?post=6638"}],"curies":[{"name":"wp","href":"https:\/\/api.w.org\/{rel}","templated":true}]}}